{"id":82937,"date":"2025-09-05T11:43:26","date_gmt":"2025-09-05T11:43:26","guid":{"rendered":"https:\/\/www.lab.eus\/?p=82937"},"modified":"2025-09-05T11:43:29","modified_gmt":"2025-09-05T11:43:29","slug":"los-jueces-han-terminado-las-vacaciones-y-la-ofensiva-contra-el-euskera-esta-de-nuevo-en-marcha","status":"publish","type":"post","link":"https:\/\/www.lab.eus\/es\/los-jueces-han-terminado-las-vacaciones-y-la-ofensiva-contra-el-euskera-esta-de-nuevo-en-marcha\/","title":{"rendered":"Los jueces han terminado las vacaciones y la ofensiva contra el euskera est\u00e1 de nuevo en marcha"},"content":{"rendered":"\n<p><strong>Antes de que comenzaran las vacaciones, a finales de julio, denunciando el en\u00e9simo ataque judicial contra el euskera y, por tanto, contra la comunidad que quiere vivir en euskera, dimos por finalizado el curso pol\u00edtico afirmando que hab\u00eda llegado el momento de pasar a la confrontaci\u00f3n en defensa de nuestros derechos. Lamentablemente, apenas ha empezado el nuevo curso pol\u00edtico y ya nos encontramos ante un nuevo ataque.<\/strong><\/p>\n\n\n\n<p>De hecho, al parecer los jueces han vuelto de las vacaciones con muchas ganas de trabajar, ya que el Tribunal Superior de Justicia del Pa\u00eds Vasco ha hecho suyas las premisas euskar\u00f3fobas en contra de exigir el conocimiento del euskera para ser vigilante en la Diputaci\u00f3n Foral de Gipuzkoa. La ofensiva ha vuelto de las vacaciones\u2026<\/p>\n\n\n\n<p>Sabemos bien que sacar pancartas no es suficiente, pero queremos subrayar que es necesario, porque resulta imprescindible denunciar todos los ataques contra el euskera y la comunidad vasca. Sin embargo, no quisi\u00e9ramos que las pancartas se convirtieran en refugio o excusa de aquellas fuerzas pol\u00edticas que tienen una responsabilidad especial en cambiar la situaci\u00f3n actual.<\/p>\n\n\n\n<p>Lo dijimos en julio, y lo volvemos a afirmar: cuando se generaliza la ofensiva contra la comunidad vasca que ha decidido vivir en euskera, la mayor\u00eda pol\u00edtica abertzale de la CAV no est\u00e1 siendo capaz de hacer frente a la situaci\u00f3n. Y eso es muy grave. Est\u00e1 bien acudir a manifestaciones y participar en concentraciones, pero no es suficiente.<\/p>\n\n\n\n<p>Estamos viendo claramente que las v\u00edas institucionales y jur\u00eddicas actuales no son suficientes; por lo tanto, sin descartarlas, es imprescindible que la principal l\u00ednea de lucha a favor del euskera pase del plano institucional al social, es decir, reforzar la dinamizaci\u00f3n social en la calle. Para ello, entre otras cosas, deber\u00eda impulsarse y aprobarse en el Parlamento de Gasteiz una nueva Ley del Euskera, que articule la defensa de los derechos ling\u00fc\u00edsticos de los euskaldunes. En esa tarea, las fuerzas y sindicatos abertzales tienen una funci\u00f3n fundamental.<\/p>\n\n\n\n<p>Estas decisiones contra la normalizaci\u00f3n del euskera perjudican a los trabajadores euskaldunes y euskaldunizados, obstaculizando la posibilidad de vivir el euskera con normalidad, hasta hacer imposible el objetivo de crear entre nosotros un Pa\u00eds Vasco euskaldun. Estas decisiones, por lo tanto, son claramente decisiones directas contra la comunidad euskaldun.<\/p>\n\n\n\n<p>Nosotros queremos trabajar y vivir en euskera en Euskal Herria, construyendo un Pa\u00eds Vasco euskaldun desde y en el euskera. Y eso es, precisamente, lo que quieren volver imposible. Pretenden colonizarnos completamente como pueblo. Desde la perspectiva del euskera y de la cultura vasca, lo que est\u00e1 ocurriendo es un desastre. Nos han introducido en una situaci\u00f3n de emergencia.<\/p>\n\n\n\n<p>La normalizaci\u00f3n del euskera es una herramienta del movimiento obrero vasco. Una administraci\u00f3n p\u00fablica vasca que viva en euskera debe funcionar en euskera, respetando siempre y en todo momento la opci\u00f3n ling\u00fc\u00edstica de los ciudadanos que no saben euskera. Los trabajadores vascos no aceptaremos ning\u00fan ataque contra nuestro derecho a trabajar y vivir en euskera en Euskal Herria, porque el derecho a trabajar y el de vivir en euskera en nuestro pa\u00eds no son contradictorios, sino complementarios.<\/p>\n\n\n\n<p>Llamamos a la clase pol\u00edtica vasca a trabajar un camino y un acuerdo pol\u00edtico que pueda evitar semejante ofensiva, adaptando para ello la ley, modificando la Ley del Euskera. Llamamos a la sociedad vasca a hacer frente a la ofensiva, entre otras cosas, eligiendo vivir en euskera, usando el euskera con orgullo en todas partes.<\/p>\n\n\n\n<p>Y, finalmente, llamamos a los trabajadores vascos a hacer suya la lucha a favor del euskera y a convertirse en fuerza decisiva en el proceso de euskaldunizaci\u00f3n del mundo laboral.<\/p>\n","protected":false},"excerpt":{"rendered":"<p>Antes de que comenzaran las vacaciones, a finales de julio, denunciando el en\u00e9simo ataque judicial contra el euskera y, por tanto, contra la comunidad que quiere vivir en euskera, dimos por finalizado el curso pol\u00edtico afirmando que hab\u00eda llegado el momento de pasar a la confrontaci\u00f3n en defensa de nuestros derechos. Lamentablemente, apenas ha empezado [&hellip;]<\/p>\n","protected":false},"author":1191,"featured_media":82935,"comment_status":"closed","ping_status":"closed","sticky":false,"template":"","format":"standard","meta":{"_monsterinsights_skip_tracking":false,"_monsterinsights_sitenote_active":false,"_monsterinsights_sitenote_note":"","_monsterinsights_sitenote_category":0,"footnotes":"","_links_to":"","_links_to_target":""},"categories":[18,3280,6],"tags":[3033,3178,3171],"class_list":{"0":"post-82937","1":"post","2":"type-post","3":"status-publish","4":"format-standard","5":"has-post-thumbnail","7":"category-es-accion-sindical","8":"category-secretaria-de-euskara","9":"category-es-servicios-publicos","10":"tag-accion-sindical-es","11":"tag-destacado-1","12":"tag-servicios-publicos-es"},"_links":{"self":[{"href":"https:\/\/www.lab.eus\/es\/wp-json\/wp\/v2\/posts\/82937","targetHints":{"allow":["GET"]}}],"collection":[{"href":"https:\/\/www.lab.eus\/es\/wp-json\/wp\/v2\/posts"}],"about":[{"href":"https:\/\/www.lab.eus\/es\/wp-json\/wp\/v2\/types\/post"}],"author":[{"embeddable":true,"href":"https:\/\/www.lab.eus\/es\/wp-json\/wp\/v2\/users\/1191"}],"replies":[{"embeddable":true,"href":"https:\/\/www.lab.eus\/es\/wp-json\/wp\/v2\/comments?post=82937"}],"version-history":[{"count":1,"href":"https:\/\/www.lab.eus\/es\/wp-json\/wp\/v2\/posts\/82937\/revisions"}],"predecessor-version":[{"id":82938,"href":"https:\/\/www.lab.eus\/es\/wp-json\/wp\/v2\/posts\/82937\/revisions\/82938"}],"wp:featuredmedia":[{"embeddable":true,"href":"https:\/\/www.lab.eus\/es\/wp-json\/wp\/v2\/media\/82935"}],"wp:attachment":[{"href":"https:\/\/www.lab.eus\/es\/wp-json\/wp\/v2\/media?parent=82937"}],"wp:term":[{"taxonomy":"category","embeddable":true,"href":"https:\/\/www.lab.eus\/es\/wp-json\/wp\/v2\/categories?post=82937"},{"taxonomy":"post_tag","embeddable":true,"href":"https:\/\/www.lab.eus\/es\/wp-json\/wp\/v2\/tags?post=82937"}],"curies":[{"name":"wp","href":"https:\/\/api.w.org\/{rel}","templated":true}]}}