{"id":82925,"date":"2025-09-04T10:33:39","date_gmt":"2025-09-04T10:33:39","guid":{"rendered":"https:\/\/www.lab.eus\/?p=82925"},"modified":"2025-09-04T10:33:42","modified_gmt":"2025-09-04T10:33:42","slug":"hemos-logrado-constituir-la-mesa-negociadora-para-el-primer-convenio-de-colectividades-en-la-cav","status":"publish","type":"post","link":"https:\/\/www.lab.eus\/es\/hemos-logrado-constituir-la-mesa-negociadora-para-el-primer-convenio-de-colectividades-en-la-cav\/","title":{"rendered":"Hemos logrado constituir la mesa negociadora para el primer convenio de colectividades en la CAV"},"content":{"rendered":"\n<p><strong>Tras m\u00e1s de 15 a\u00f1os de lucha y movilizaciones, el sindicato LAB, junto con ELA, UGT y CCOO logra constituir la primera mesa de negociaci\u00f3n para un convenio propio en la Comunidad Aut\u00f3noma Vasca (CAV).<\/strong><\/p>\n\n\n\n<p>Aunque CCOO ha firmado la constituci\u00f3n de la mesa, durante todo este tiempo ha reiterado que no iba a ser promotor de esta iniciativa y, adem\u00e1s, no ha participado en ninguna de las movilizaciones que la han hecho posible.<\/p>\n\n\n\n<p>Hasta ahora, las condiciones laborales del sector estaban regidas por convenios provinciales de hosteler\u00eda o por el convenio estatal de restauraci\u00f3n colectiva, alejados de la realidad de quienes trabajan en las colectividades. Este nuevo paso acerca al sector a unas condiciones laborales m\u00e1s justas, dignas y adaptadas a su realidad.<\/p>\n\n\n\n<p>LAB siempre ha apostado por acabar con la estatalizaci\u00f3n y por negociar aqu\u00ed, en Euskal Herria, las condiciones de trabajo. Este logro representa un avance muy significativo en ese camino.<\/p>\n\n\n\n<p>La plataforma que LAB presentar\u00e1 ser\u00e1 construida con y desde la base, con la participaci\u00f3n activa de las propias trabajadoras y trabajadores, para garantizar que refleje fielmente sus necesidades y realidades. El objetivo: que todas las personas del sector cuenten con las mismas condiciones laborales, sin discriminaciones ni desigualdades.<\/p>\n\n\n\n<p>Este es tambi\u00e9n un paso clave en la dignificaci\u00f3n de un sector altamente feminizado, hist\u00f3ricamente invisibilizado, y cuya aportaci\u00f3n es esencial en el \u00e1mbito laboral y social.<\/p>\n\n\n\n<p>Desde LAB damos la enhorabuena a todas las trabajadoras y trabajadores del sector y nos reafirmamos en nuestro compromiso para seguir trabajando con firmeza para garantizar un convenio que haga justicia a todos estos a\u00f1os de lucha y resistencia.<\/p>\n\n\n\n<p><\/p>\n\n\n\n<p class=\"has-text-align-center\">Hemen lan egin, hemen erabaki!<\/p>\n\n\n\n<p class=\"has-text-align-center\">Gora langileon borroka!&nbsp;<\/p>\n","protected":false},"excerpt":{"rendered":"<p>Tras m\u00e1s de 15 a\u00f1os de lucha y movilizaciones, el sindicato LAB, junto con ELA, UGT y CCOO logra constituir la primera mesa de negociaci\u00f3n para un convenio propio en la Comunidad Aut\u00f3noma Vasca (CAV). Aunque CCOO ha firmado la constituci\u00f3n de la mesa, durante todo este tiempo ha reiterado que no iba a ser [&hellip;]<\/p>\n","protected":false},"author":1191,"featured_media":56847,"comment_status":"closed","ping_status":"closed","sticky":false,"template":"","format":"standard","meta":{"_monsterinsights_skip_tracking":false,"_monsterinsights_sitenote_active":false,"_monsterinsights_sitenote_note":"","_monsterinsights_sitenote_category":0,"footnotes":"","_links_to":"","_links_to_target":""},"categories":[18,2867,8],"tags":[3066,5321,3172],"class_list":{"0":"post-82925","1":"post","2":"type-post","3":"status-publish","4":"format-standard","5":"has-post-thumbnail","7":"category-es-accion-sindical","8":"category-federaciones","9":"category-es-servicios-privados","10":"tag-federaciones-es","11":"tag-lortu-dugu-es","12":"tag-servicios-privados-es"},"_links":{"self":[{"href":"https:\/\/www.lab.eus\/es\/wp-json\/wp\/v2\/posts\/82925","targetHints":{"allow":["GET"]}}],"collection":[{"href":"https:\/\/www.lab.eus\/es\/wp-json\/wp\/v2\/posts"}],"about":[{"href":"https:\/\/www.lab.eus\/es\/wp-json\/wp\/v2\/types\/post"}],"author":[{"embeddable":true,"href":"https:\/\/www.lab.eus\/es\/wp-json\/wp\/v2\/users\/1191"}],"replies":[{"embeddable":true,"href":"https:\/\/www.lab.eus\/es\/wp-json\/wp\/v2\/comments?post=82925"}],"version-history":[{"count":1,"href":"https:\/\/www.lab.eus\/es\/wp-json\/wp\/v2\/posts\/82925\/revisions"}],"predecessor-version":[{"id":82926,"href":"https:\/\/www.lab.eus\/es\/wp-json\/wp\/v2\/posts\/82925\/revisions\/82926"}],"wp:featuredmedia":[{"embeddable":true,"href":"https:\/\/www.lab.eus\/es\/wp-json\/wp\/v2\/media\/56847"}],"wp:attachment":[{"href":"https:\/\/www.lab.eus\/es\/wp-json\/wp\/v2\/media?parent=82925"}],"wp:term":[{"taxonomy":"category","embeddable":true,"href":"https:\/\/www.lab.eus\/es\/wp-json\/wp\/v2\/categories?post=82925"},{"taxonomy":"post_tag","embeddable":true,"href":"https:\/\/www.lab.eus\/es\/wp-json\/wp\/v2\/tags?post=82925"}],"curies":[{"name":"wp","href":"https:\/\/api.w.org\/{rel}","templated":true}]}}