{"id":82912,"date":"2025-09-03T13:19:34","date_gmt":"2025-09-03T13:19:34","guid":{"rendered":"https:\/\/www.lab.eus\/?p=82912"},"modified":"2025-09-03T13:22:52","modified_gmt":"2025-09-03T13:22:52","slug":"el-consorcio-haurreskolak-comenzara-el-curso-sinhaberse-creado-63-puestos-de-trabajo","status":"publish","type":"post","link":"https:\/\/www.lab.eus\/es\/el-consorcio-haurreskolak-comenzara-el-curso-sinhaberse-creado-63-puestos-de-trabajo\/","title":{"rendered":"El Consorcio Haurreskolak comenzar\u00e1 el curso sin haberse creado 63 puestos de trabajo"},"content":{"rendered":"\n<p><strong>Los sindicatos LAB y STEILAS denuncian el incumplimiento por parte del Goberno Vasco del acuerdo firmado en 2024 en el Consorcio Haurreskolak.<\/strong><\/p>\n\n\n\n<p>El 18 de abril de 2024 se firm\u00f3 un acuerdo entre la direcci\u00f3n del Consorcio Haurreskolak y el 82,98% de la representaci\u00f3n sindical para regular el procedimiento de creaci\u00f3n de nuevos puestos de trabajo. En dicho acuerdo, se determin\u00f3 la duraci\u00f3n de los contratos por circunstancias de la producci\u00f3n, estableciendo que en el caso de que estos se repitan dos cursos consecutivos, estas plazas tendr\u00e1n<br>car\u00e1cter estructural y deber\u00e1n ser incluidas en la Relaci\u00f3n de Puestos de Trabajo y provistas del personal necesario a partir del 1 de septiembre del siguiente curso escolar.<\/p>\n\n\n\n<p>El Departamento de Educaci\u00f3n y la direcci\u00f3n del Consorcio Haurreskolak valoraron positivamente el acuerdo y as\u00ed lo manifestaron en el portal Irekia. Sin embargo, los sindicatos LAB y STEILAS quieren denunciar que el acuerdo, hoy por hoy, se ha incumplido y que no se han creado las 63 nuevas plazas que deber\u00edan ser incorporadas a la Relaci\u00f3n de Puestos de Trabajo y dotadas a partir del 1 de septiembre del 2025.<\/p>\n\n\n\n<p>Ambos sindicatos han criticado la situaci\u00f3n y consideran vergonzoso que, m\u00e1s de un a\u00f1o despu\u00e9s de la firma del acuerdo, estos puestos de trabajo sigan sin crearse. Ante esto, han denunciado que el Departamento de Educaci\u00f3n no ha puesto encima de la mesa ninguna alternativa ni propuesta.<\/p>\n\n\n\n<p>Esta situaci\u00f3n y la falta de contrataci\u00f3n necesaria ha impedido el normal inicio del curso escolar, evidenciando la desidia del Departamento de Educaci\u00f3n y su incapacidad para cumplir con lo pactado.<\/p>\n\n\n\n<p>Tal y como se\u00f1al\u00f3 la propia consejera de Educaci\u00f3n Bego\u00f1a Pedrosa en la Asamblea General del Consorcio Haurreskolak, en los \u00faltimos 4 a\u00f1os la matriculaci\u00f3n ha experimentado un incremento del 40%. En este contexto, se pone de manifiesto la necesidad de un mayor n\u00famero de educadoras y la necesidad de crear empleo estable para garantizar la calidad del servicio educativo que ofrece el Consorcio Haurreskolak.<\/p>\n\n\n\n<p>Denunciar la incapacidad y dejadez del Departamento y exigir el cumplimiento de lo pactado ha sido el objetivo de la concentraci\u00f3n de los sindicatos LAB y STEILAS frente a la sede central del Consorcio Haurreskolak. Ambos sindicatos exigen que se convoque la mesa negociadora lo antes posible y que se presente una propuesta concreta que d\u00e9 soluci\u00f3n a la situaci\u00f3n.<\/p>\n\n\n\n<p>Adem\u00e1s, piden al Departamento de Educaci\u00f3n que se trate al personal con respeto y que se dote a las haurreskolak con los recursos necesarios.<\/p>\n","protected":false},"excerpt":{"rendered":"<p>Los sindicatos LAB y STEILAS denuncian el incumplimiento por parte del Goberno Vasco del acuerdo firmado en 2024 en el Consorcio Haurreskolak. El 18 de abril de 2024 se firm\u00f3 un acuerdo entre la direcci\u00f3n del Consorcio Haurreskolak y el 82,98% de la representaci\u00f3n sindical para regular el procedimiento de creaci\u00f3n de nuevos puestos de [&hellip;]<\/p>\n","protected":false},"author":1191,"featured_media":82910,"comment_status":"closed","ping_status":"closed","sticky":false,"template":"","format":"standard","meta":{"_monsterinsights_skip_tracking":false,"_monsterinsights_sitenote_active":false,"_monsterinsights_sitenote_note":"","_monsterinsights_sitenote_category":0,"footnotes":"","_links_to":"","_links_to_target":""},"categories":[18,33,3054,6,3283],"tags":[3033,3178,3194,3369,3171],"class_list":{"0":"post-82912","1":"post","2":"type-post","3":"status-publish","4":"format-standard","5":"has-post-thumbnail","7":"category-es-accion-sindical","8":"category-es-ensenanza","9":"category-haur-eskola","10":"category-es-servicios-publicos","11":"category-sin-categorizar","12":"tag-accion-sindical-es","13":"tag-destacado-1","14":"tag-ensenanza-es","15":"tag-haur-eskolak-2-es","16":"tag-servicios-publicos-es"},"_links":{"self":[{"href":"https:\/\/www.lab.eus\/es\/wp-json\/wp\/v2\/posts\/82912","targetHints":{"allow":["GET"]}}],"collection":[{"href":"https:\/\/www.lab.eus\/es\/wp-json\/wp\/v2\/posts"}],"about":[{"href":"https:\/\/www.lab.eus\/es\/wp-json\/wp\/v2\/types\/post"}],"author":[{"embeddable":true,"href":"https:\/\/www.lab.eus\/es\/wp-json\/wp\/v2\/users\/1191"}],"replies":[{"embeddable":true,"href":"https:\/\/www.lab.eus\/es\/wp-json\/wp\/v2\/comments?post=82912"}],"version-history":[{"count":2,"href":"https:\/\/www.lab.eus\/es\/wp-json\/wp\/v2\/posts\/82912\/revisions"}],"predecessor-version":[{"id":82914,"href":"https:\/\/www.lab.eus\/es\/wp-json\/wp\/v2\/posts\/82912\/revisions\/82914"}],"wp:featuredmedia":[{"embeddable":true,"href":"https:\/\/www.lab.eus\/es\/wp-json\/wp\/v2\/media\/82910"}],"wp:attachment":[{"href":"https:\/\/www.lab.eus\/es\/wp-json\/wp\/v2\/media?parent=82912"}],"wp:term":[{"taxonomy":"category","embeddable":true,"href":"https:\/\/www.lab.eus\/es\/wp-json\/wp\/v2\/categories?post=82912"},{"taxonomy":"post_tag","embeddable":true,"href":"https:\/\/www.lab.eus\/es\/wp-json\/wp\/v2\/tags?post=82912"}],"curies":[{"name":"wp","href":"https:\/\/api.w.org\/{rel}","templated":true}]}}