{"id":82888,"date":"2025-09-03T08:33:31","date_gmt":"2025-09-03T08:33:31","guid":{"rendered":"https:\/\/www.lab.eus\/?p=82888"},"modified":"2025-09-03T12:02:15","modified_gmt":"2025-09-03T12:02:15","slug":"maderas-de-llodio-ha-planteado-al-comite-la-intencion-de-un-despido-colectivo","status":"publish","type":"post","link":"https:\/\/www.lab.eus\/es\/maderas-de-llodio-ha-planteado-al-comite-la-intencion-de-un-despido-colectivo\/","title":{"rendered":"Maderas de Llodio ha planteado al Comit\u00e9 la intenci\u00f3n de un despido colectivo"},"content":{"rendered":"\n<p><strong>El Comit\u00e9 de Empresa de Maderas de Llodio quiere manifestar su profunda preocupaci\u00f3n y rechazo ante la comunicaci\u00f3n realizada en el d\u00eda de ayer por la Direcci\u00f3n, en la que se nos comunic\u00f3 su intenci\u00f3n de iniciar un procedimiento de despido colectivo, indicando someramente tambi\u00e9n su intenci\u00f3n de tomar otras medidas que pudieran generar inestabilidad en la plantilla de la empresa sin ning\u00fan tipo de especificaci\u00f3n.<\/strong><\/p>\n\n\n\n<p>Consideramos este hecho de extrema gravedad, m\u00e1s a\u00fan cuando a finales del mes de julio est\u00e1bamos en pleno proceso de negociaci\u00f3n del convenio y avanzando en diferentes puntos del mismo. Sin embargo, el 1 de septiembre, la Direcci\u00f3n puso sobre la mesa una medida dr\u00e1stica y unilateral que rompe con la din\u00e1mica de di\u00e1logo que hasta entonces se ven\u00eda manteniendo.<\/p>\n\n\n\n<p>Adem\u00e1s, la forma en la que se ha comunicado esta decisi\u00f3n resulta completamente inaceptable: sin convocatoria previa de reuni\u00f3n y trasladando la comunicaci\u00f3n sin ning\u00fan tipo de informaci\u00f3n acerca de la misma, todo esto de manera improvisada a los delegados y delegadas presentes en planta, lo que vulnera el respeto y la m\u00ednima formalidad que debe regir las relaciones laborales, sobre todo, teniendo en cuenta la importancia que se le debe dar a este tipo de comunicaciones, por la gravedad que conllevan.<\/p>\n\n\n\n<p>El Comit\u00e9 quiere dejar claro que no aceptara ning\u00fan tipo de despido en Maderas de Llodio y nos vamos a oponer a cualquier tipo de medida que vaya en esta l\u00ednea. Exigimos la retirada inmediata del procedimiento de despido colectivo y reclamamos la reanudaci\u00f3n urgente de las negociaciones del convenio, en las que debe centrarse el futuro laboral de nuestra plantilla. As\u00ed se lo hemos hecho saber hoy mismo a la Direcci\u00f3n mediante una carta respondiendo a la comunicaci\u00f3n de ayer.<\/p>\n\n\n\n<p>El compromiso del Comit\u00e9 es firme y estar\u00e1 siempre en la defensa de todos los puestos de trabajo y de los derechos de la plantilla. En los pr\u00f3ximos d\u00edas se convocar\u00e1 una asamblea de trabajadores y trabajadoras para poder articular la respuesta a esta medida y mantener a la plantilla informada.&nbsp;<\/p>\n\n\n\n<p class=\"has-text-align-right\"><strong>Comunicado del Comite de Empresa de Maderas de Llodio<\/strong><\/p>\n","protected":false},"excerpt":{"rendered":"<p>El Comit\u00e9 de Empresa de Maderas de Llodio quiere manifestar su profunda preocupaci\u00f3n y rechazo ante la comunicaci\u00f3n realizada en el d\u00eda de ayer por la Direcci\u00f3n, en la que se nos comunic\u00f3 su intenci\u00f3n de iniciar un procedimiento de despido colectivo, indicando someramente tambi\u00e9n su intenci\u00f3n de tomar otras medidas que pudieran generar inestabilidad [&hellip;]<\/p>\n","protected":false},"author":1191,"featured_media":82886,"comment_status":"closed","ping_status":"closed","sticky":false,"template":"","format":"standard","meta":{"_monsterinsights_skip_tracking":false,"_monsterinsights_sitenote_active":false,"_monsterinsights_sitenote_note":"","_monsterinsights_sitenote_category":0,"footnotes":"","_links_to":"","_links_to_target":""},"categories":[18,90,2868],"tags":[3033,3178,2996],"class_list":{"0":"post-82888","1":"post","2":"type-post","3":"status-publish","4":"format-standard","5":"has-post-thumbnail","7":"category-es-accion-sindical","8":"category-es-industia-de-la-madera","9":"category-industria-es","10":"tag-accion-sindical-es","11":"tag-destacado-1","12":"tag-industria-es"},"_links":{"self":[{"href":"https:\/\/www.lab.eus\/es\/wp-json\/wp\/v2\/posts\/82888","targetHints":{"allow":["GET"]}}],"collection":[{"href":"https:\/\/www.lab.eus\/es\/wp-json\/wp\/v2\/posts"}],"about":[{"href":"https:\/\/www.lab.eus\/es\/wp-json\/wp\/v2\/types\/post"}],"author":[{"embeddable":true,"href":"https:\/\/www.lab.eus\/es\/wp-json\/wp\/v2\/users\/1191"}],"replies":[{"embeddable":true,"href":"https:\/\/www.lab.eus\/es\/wp-json\/wp\/v2\/comments?post=82888"}],"version-history":[{"count":2,"href":"https:\/\/www.lab.eus\/es\/wp-json\/wp\/v2\/posts\/82888\/revisions"}],"predecessor-version":[{"id":82900,"href":"https:\/\/www.lab.eus\/es\/wp-json\/wp\/v2\/posts\/82888\/revisions\/82900"}],"wp:featuredmedia":[{"embeddable":true,"href":"https:\/\/www.lab.eus\/es\/wp-json\/wp\/v2\/media\/82886"}],"wp:attachment":[{"href":"https:\/\/www.lab.eus\/es\/wp-json\/wp\/v2\/media?parent=82888"}],"wp:term":[{"taxonomy":"category","embeddable":true,"href":"https:\/\/www.lab.eus\/es\/wp-json\/wp\/v2\/categories?post=82888"},{"taxonomy":"post_tag","embeddable":true,"href":"https:\/\/www.lab.eus\/es\/wp-json\/wp\/v2\/tags?post=82888"}],"curies":[{"name":"wp","href":"https:\/\/api.w.org\/{rel}","templated":true}]}}