{"id":82851,"date":"2025-09-02T11:55:36","date_gmt":"2025-09-02T11:55:36","guid":{"rendered":"https:\/\/www.lab.eus\/?p=82851"},"modified":"2025-09-02T11:55:39","modified_gmt":"2025-09-02T11:55:39","slug":"el-trabajador-fallecido-en-el-accidente-de-azazeta-era-auxiliar-de-ayuda-a-domicilio-lab-denuncia-la-precariedad-laboral-del-sector","status":"publish","type":"post","link":"https:\/\/www.lab.eus\/es\/el-trabajador-fallecido-en-el-accidente-de-azazeta-era-auxiliar-de-ayuda-a-domicilio-lab-denuncia-la-precariedad-laboral-del-sector\/","title":{"rendered":"El trabajador fallecido en el accidente de Azazeta era auxiliar de ayuda a domicilio: LAB denuncia la precariedad laboral del sector"},"content":{"rendered":"\n<p><strong>El trabajador que falleci\u00f3 ayer en un accidente de tr\u00e1fico en el puerto de Azazeta trabajaba en el sector de ayuda a domicilio en Gasteiz. El sindicato LAB confirma, que A.L. de M. L. de M., de 56 a\u00f1os, se encontraba realizando labores para la empresa Serveo cuando sufri\u00f3 un accidente laboral. LAB ha expresado sus condolencias y solidaridad a los familiares, amistades y compa\u00f1eros del trabajador fallecido.<\/strong><\/p>\n\n\n\n<p>El sindicato denuncia que las condiciones laborales en el sector de ayuda a domicilio son extremadamente precarias. Los trabajadores deben realizar numerosos desplazamientos en lapsos de tiempo muy reducidos, en un contexto en el que las agendas laborales son cada vez m\u00e1s exigentes. Los ratios impuestos por las empresas para garantizar sus beneficios, los ritmos de trabajo y el escaso tiempo asignado para los desplazamientos se han convertido en factores de riesgo a\u00f1adido en el trabajo.<\/p>\n\n\n\n<p>Salvo contadas excepciones, se trata de un sector totalmente privatizado. Seg\u00fan LAB, la privatizaci\u00f3n conlleva precariedad y sucesos tan tr\u00e1gicos como el ocurrido. Adem\u00e1s, recuerdan que han sido decisiones de las instituciones p\u00fablicas las que han derivado en la privatizaci\u00f3n del sector, por lo que consideran que las diputaciones forales tienen una responsabilidad directa en el empeoramiento de las condiciones laborales.<\/p>\n\n\n\n<p>LAB exige no solo condiciones laborales dignas, sino tambi\u00e9n la reversi\u00f3n de la privatizaci\u00f3n del sector de ayuda a domicilio y, en general, de los trabajos de cuidados privatizados. Apostar por un sistema p\u00fablico y comunitario de cuidados y poner el foco en las condiciones laborales es clave para evitar este tipo de tragedias.<\/p>\n\n\n\n<p>En definitiva, no queremos encontrarnos con la muerte en el trabajo. Por ello, LAB reclama con urgencia medidas que garanticen la salud laboral y que se establezcan cuanto antes condiciones de trabajo dignas.&nbsp;<\/p>\n","protected":false},"excerpt":{"rendered":"<p>El trabajador que falleci\u00f3 ayer en un accidente de tr\u00e1fico en el puerto de Azazeta trabajaba en el sector de ayuda a domicilio en Gasteiz. El sindicato LAB confirma, que A.L. de M. L. de M., de 56 a\u00f1os, se encontraba realizando labores para la empresa Serveo cuando sufri\u00f3 un accidente laboral. LAB ha expresado [&hellip;]<\/p>\n","protected":false},"author":1191,"featured_media":50371,"comment_status":"closed","ping_status":"closed","sticky":false,"template":"","format":"standard","meta":{"_monsterinsights_skip_tracking":false,"_monsterinsights_sitenote_active":false,"_monsterinsights_sitenote_note":"","_monsterinsights_sitenote_category":0,"footnotes":"","_links_to":"","_links_to_target":""},"categories":[18,15,2973],"tags":[3033,3178,3334],"class_list":{"0":"post-82851","1":"post","2":"type-post","3":"status-publish","4":"format-standard","5":"has-post-thumbnail","7":"category-es-accion-sindical","8":"category-es-salud-laboral","9":"category-secretarias","10":"tag-accion-sindical-es","11":"tag-destacado-1","12":"tag-secretaria-de-salud-laboral"},"_links":{"self":[{"href":"https:\/\/www.lab.eus\/es\/wp-json\/wp\/v2\/posts\/82851","targetHints":{"allow":["GET"]}}],"collection":[{"href":"https:\/\/www.lab.eus\/es\/wp-json\/wp\/v2\/posts"}],"about":[{"href":"https:\/\/www.lab.eus\/es\/wp-json\/wp\/v2\/types\/post"}],"author":[{"embeddable":true,"href":"https:\/\/www.lab.eus\/es\/wp-json\/wp\/v2\/users\/1191"}],"replies":[{"embeddable":true,"href":"https:\/\/www.lab.eus\/es\/wp-json\/wp\/v2\/comments?post=82851"}],"version-history":[{"count":1,"href":"https:\/\/www.lab.eus\/es\/wp-json\/wp\/v2\/posts\/82851\/revisions"}],"predecessor-version":[{"id":82852,"href":"https:\/\/www.lab.eus\/es\/wp-json\/wp\/v2\/posts\/82851\/revisions\/82852"}],"wp:featuredmedia":[{"embeddable":true,"href":"https:\/\/www.lab.eus\/es\/wp-json\/wp\/v2\/media\/50371"}],"wp:attachment":[{"href":"https:\/\/www.lab.eus\/es\/wp-json\/wp\/v2\/media?parent=82851"}],"wp:term":[{"taxonomy":"category","embeddable":true,"href":"https:\/\/www.lab.eus\/es\/wp-json\/wp\/v2\/categories?post=82851"},{"taxonomy":"post_tag","embeddable":true,"href":"https:\/\/www.lab.eus\/es\/wp-json\/wp\/v2\/tags?post=82851"}],"curies":[{"name":"wp","href":"https:\/\/api.w.org\/{rel}","templated":true}]}}