{"id":82797,"date":"2025-09-02T10:25:23","date_gmt":"2025-09-02T10:25:23","guid":{"rendered":"https:\/\/www.lab.eus\/?p=82797"},"modified":"2025-09-02T10:25:26","modified_gmt":"2025-09-02T10:25:26","slug":"la-precariedad-estructural-se-pone-de-manifiesto-en-periodo-estival-y-aumenta-el-paro","status":"publish","type":"post","link":"https:\/\/www.lab.eus\/es\/la-precariedad-estructural-se-pone-de-manifiesto-en-periodo-estival-y-aumenta-el-paro\/","title":{"rendered":"La precariedad estructural se pone de manifiesto en periodo estival y aumenta el paro"},"content":{"rendered":"\n<p><strong>En Hego Euskal Herria se han registrado 137.559 personas paradas en agosto, lo que supone un aumento del 3,02% respecto a julio. Respecto a agosto del a\u00f1o pasado, sin embargo, el paro ha descendido. Entre los territorios, sin embargo, hay diferencias: mientras que en Gipuzkoa (5,85%), Bizkaia (3,43%) y Araba (2,91%) ha aumentado el paro, en Navarra ha bajado un 0,53%.<\/strong><\/p>\n\n\n\n<p>Respecto al \u00faltimo a\u00f1o, el paro ha bajado en todos los sectores, excepto en el sector de la industria, en el cual hay 133 personas en paro m\u00e1s. Analizando los datos del mes anterior, podemos afirmar que est\u00e1n saliendo a relucir los signos de la preocupante situaci\u00f3n que vive el sector industrial. De hecho, a pesar del aumento del paro en todos los sectores, el n\u00famero de parados en el sector industrial ha experimentado un notable aumento, con 458 parados m\u00e1s en el \u00faltimo mes. En t\u00e9rminos cuantitativos, sin embargo, el mayor incremento se ha producido en el sector servicios, con 3.965 personas inscritas al paro, una vez finalizados los contratos de verano.<\/p>\n\n\n\n<p>En el \u00faltimo a\u00f1o, 450 trabajadores sin empleo anterior han encontrado empleo, la mayor\u00eda menores de 25 a\u00f1os y mujeres. En este caso, el 78% de las mujeres mayores de 25 a\u00f1os que ha encontrado empleo estaba en situaci\u00f3n de sin tener empleo anterior. Sin embargo, la mayor\u00eda de las personas desempleadas (59,27%) siguen siendo mujeres.<\/p>\n\n\n\n<p>Entre las personas migradas, el paro ha descendido tanto en el \u00faltimo a\u00f1o como en el \u00faltimo mes, a pesar de que entre las personas migradas en paro el 31,27% no ha tenido empleo anterior.<\/p>\n\n\n\n<p>Entre los contratos firmados en agosto, la mayor\u00eda (79,62%) han sido temporales y en el sector servivios (76,65%).<\/p>\n\n\n\n<p>La afiliaci\u00f3n tambi\u00e9n ha descendido respecto al mes anterior, pero ha subido respecto al a\u00f1o anterior. En Hego Euskal Herria en agosto se contabilizaron 1.063.516 personas afiliadas. La mayor parte de la afiliaci\u00f3n pertenece al sector servicios, el 73,69%, y el 84,83% de la afiliaci\u00f3n generada en el \u00faltimo a\u00f1o corresponde tambi\u00e9n a dicho sector. Por lo tanto, en Hego Euskal Herria se est\u00e1 consolidando un sector en el que predominan las condiciones laborales, tanto precarias como inestables.<\/p>\n\n\n\n<p>Si analizamos el tipo de contrato, deducimos que la brecha de g\u00e9nero tambi\u00e9n es estructural en lo referido a las condiciones laborales. De hecho, mientras que una de cada cuatro mujeres (25,5%) tiene contrato a jornada parcial, entre los hombres la proporci\u00f3n es uno de cada 10 (11,4%). En cambio, en el caso de los contratos de trabajo a jornada completa, la tendencia es la contraria: entre las mujeres el 58,7 tiene jornada completa frente al 79,1% de los hombres.<\/p>\n\n\n\n<p>El empleo que se genera se caracteriza por la precariedad y la inestabilidad, tendencia que se acent\u00faa en el periodo estival. Una clara muestra de la inestabilidad es el empleo que se crea para un tiempo limitado y se destruye sin ning\u00fan reparo. Este empleo temporal es a la vez precario y tiene un impacto directo tanto en j\u00f3venes como en mujeres.<\/p>\n\n\n\n<p>Asimismo, el predominio del sector servicios incide directamente tanto en la relaci\u00f3n laboral como en la calidad del empleo, ya que, sin poder corregir las condiciones de trabajo, la precariedad se ha convertido en estructural en este sector. Por lo tanto, a las puertas de este nuevo curso, queremos subrayar la importancia de la lucha sindical por unas condiciones laborales dignas y por un nuevo modelo socioecon\u00f3mico.<\/p>\n","protected":false},"excerpt":{"rendered":"<p>En Hego Euskal Herria se han registrado 137.559 personas paradas en agosto, lo que supone un aumento del 3,02% respecto a julio. Respecto a agosto del a\u00f1o pasado, sin embargo, el paro ha descendido. Entre los territorios, sin embargo, hay diferencias: mientras que en Gipuzkoa (5,85%), Bizkaia (3,43%) y Araba (2,91%) ha aumentado el paro, [&hellip;]<\/p>\n","protected":false},"author":1191,"featured_media":49688,"comment_status":"closed","ping_status":"closed","sticky":false,"template":"","format":"standard","meta":{"_monsterinsights_skip_tracking":false,"_monsterinsights_sitenote_active":false,"_monsterinsights_sitenote_note":"","_monsterinsights_sitenote_category":0,"footnotes":"","_links_to":"","_links_to_target":""},"categories":[2994],"tags":[3182,3178],"class_list":{"0":"post-82797","1":"post","2":"type-post","3":"status-publish","4":"format-standard","5":"has-post-thumbnail","7":"category-accion-social","8":"tag-accion-social-es","9":"tag-destacado-1"},"_links":{"self":[{"href":"https:\/\/www.lab.eus\/es\/wp-json\/wp\/v2\/posts\/82797","targetHints":{"allow":["GET"]}}],"collection":[{"href":"https:\/\/www.lab.eus\/es\/wp-json\/wp\/v2\/posts"}],"about":[{"href":"https:\/\/www.lab.eus\/es\/wp-json\/wp\/v2\/types\/post"}],"author":[{"embeddable":true,"href":"https:\/\/www.lab.eus\/es\/wp-json\/wp\/v2\/users\/1191"}],"replies":[{"embeddable":true,"href":"https:\/\/www.lab.eus\/es\/wp-json\/wp\/v2\/comments?post=82797"}],"version-history":[{"count":1,"href":"https:\/\/www.lab.eus\/es\/wp-json\/wp\/v2\/posts\/82797\/revisions"}],"predecessor-version":[{"id":82798,"href":"https:\/\/www.lab.eus\/es\/wp-json\/wp\/v2\/posts\/82797\/revisions\/82798"}],"wp:featuredmedia":[{"embeddable":true,"href":"https:\/\/www.lab.eus\/es\/wp-json\/wp\/v2\/media\/49688"}],"wp:attachment":[{"href":"https:\/\/www.lab.eus\/es\/wp-json\/wp\/v2\/media?parent=82797"}],"wp:term":[{"taxonomy":"category","embeddable":true,"href":"https:\/\/www.lab.eus\/es\/wp-json\/wp\/v2\/categories?post=82797"},{"taxonomy":"post_tag","embeddable":true,"href":"https:\/\/www.lab.eus\/es\/wp-json\/wp\/v2\/tags?post=82797"}],"curies":[{"name":"wp","href":"https:\/\/api.w.org\/{rel}","templated":true}]}}