{"id":82677,"date":"2025-09-01T09:14:10","date_gmt":"2025-09-01T09:14:10","guid":{"rendered":"https:\/\/www.lab.eus\/?p=82677"},"modified":"2025-09-01T09:14:13","modified_gmt":"2025-09-01T09:14:13","slug":"frente-a-la-involucion-lab-destaca-la-necesidad-de-politicas-a-favor-de-la-clase-trabajadora-politicas-redistributivas-feministas-y-antirracistas","status":"publish","type":"post","link":"https:\/\/www.lab.eus\/es\/frente-a-la-involucion-lab-destaca-la-necesidad-de-politicas-a-favor-de-la-clase-trabajadora-politicas-redistributivas-feministas-y-antirracistas\/","title":{"rendered":"Frente a la involuci\u00f3n, LAB destaca la necesidad de pol\u00edticas a favor de la clase trabajadora: pol\u00edticas redistributivas, feministas y antirracistas"},"content":{"rendered":"\n<p><strong>El sindicato tendr\u00e1 como principales prioridades la lucha para reducir la precariedad, la defensa de los servicios p\u00fablicos y la pol\u00edtica industrial para la transici\u00f3n ecosocial, y ser\u00e1 un agente activo para conseguir mayores cotas de soberan\u00eda.<\/strong><\/p>\n\n\n\n<p>Pol\u00edticas p\u00fablicas y un sindicalismo combativo, feminista y antirracista que asegure unas condiciones de vida dignas a todas las personas trabajadoras. Esta es la mejor manera de hacer frente a la ola reaccionaria y a las tendencias involucionistas, seg\u00fan LAB. El sindicato ha comparecido hoy en rueda de prensa para analizar el contexto y explicar sus principales prioridades para este curso.<\/p>\n\n\n\n<p>Endika P\u00e9rez, responsable de Acci\u00f3n Social, ha hablado del actual contexto pol\u00edtico y econ\u00f3mico. \u201cIncertidumbre\u201d, esa es la palabra que continuamente repiten instituciones, agentes pol\u00edticos y patronales, pero, seg\u00fan ha explicado, bajo el pretexto de la incertidumbre, a la patronal se le da cada vez m\u00e1s dinero p\u00fablico, sin pedir nada a cambio o sin imponer ninguna condici\u00f3n: \u201cNo se impulsan pol\u00edticas redistributivas, no hay una pol\u00edtica fiscal progresiva ni pol\u00edticas para dignificar los salarios. Al mismo tiempo, est\u00e1n debilitando los servicios p\u00fablicos. Todo periodo de incertidumbre significa, por tanto, un paso m\u00e1s en la precarizaci\u00f3n de las condiciones de vida de las y los trabajadores \u201d.<\/p>\n\n\n\n<p>Tambi\u00e9n se ha referido a las consecuencias de la guerra comercial y ha criticado duramente el acuerdo de la Uni\u00f3n Europea con EEUU. \u201cLa clase trabajadora ser\u00e1 la que sufra los efectos negativos de este acuerdo. Europa ha puesto alfombra roja a las ocurrencias neoliberales de Trump, profundizando en su dependencia de EEUU. El gasto militar en la Uni\u00f3n Europea seguir\u00e1 aumentando y se reforzar\u00e1 la industria armament\u00edstica estadounidense, profundizando en el genocidio que est\u00e1 cometiendo Israel en Palestina. Adem\u00e1s, este acuerdo retrasar\u00e1 la necesaria transici\u00f3n energ\u00e9tica y tendr\u00e1 un impacto directo en la emergencia clim\u00e1tica \u201d.<\/p>\n\n\n\n<p>Por otro lado, y ligado a lo anterior, P\u00e9rez ha advertido de que la ola reaccionaria est\u00e1 cogiendo cada vez m\u00e1s fuerza y ha puesto como ejemplos la violencia machista, los mensajes mis\u00f3ginos contra el feminismo y las actitudes xen\u00f3fobas. \u201cLa percepci\u00f3n social de las personas migrantes est\u00e1 cambiando y se est\u00e1 extendiendo el racismo\u201d.<\/p>\n\n\n\n<p>Junto a ello, la ofensiva pol\u00edtica, social y judicial contra el euskera est\u00e1 \u00absubiendo de intensidad\u00bb, seg\u00fan P\u00e9rez, en relaci\u00f3n a las sentencias judiciales dictadas para rebajar las exigencias de euskera en la administraci\u00f3n p\u00fablica y limitar su uso.<\/p>\n\n\n\n<p>Ante todo ello, ha destacado que es imprescindible un sindicalismo combativo, feminista y antirracista, y ha subrayado que LAB reafirma la importancia de este modelo sindical.<\/p>\n\n\n\n<p><strong>La clase trabajadora en el centro<\/strong><\/p>\n\n\n\n<p>La coordinadora general de LAB, Garbi\u00f1e Aranburu, tambi\u00e9n ha comenzado su intervenci\u00f3n advirtiendo del contexto actual: \u00abLas pol\u00edticas a favor del capital se est\u00e1n llevando al extremo, en detrimento de las condiciones de vida de los trabajadores, provocando guerras y aumentando la emergencia clim\u00e1tica y la crisis de cuidados\u00bb. Adem\u00e1s, ha explicado que el sistema capitalista es cada vez m\u00e1s autoritario y que el fantasma del fascismo ha despertado con fuerza.<\/p>\n\n\n\n<p>Pero los discursos no son suficientes para combatir el faxismo, el antifeminismo, el racismo y las actitudes de odio que atacan la convivencia, ha recordado Aranburu: Hacen falta pol\u00edticas p\u00fablicas que aseguren unas condiciones de vida dignas a toda la clase trabajadora. Hay que hacer pol\u00edticas a favor de las y los trabajadores: pol\u00edticas redistributivas y servicios p\u00fablicos s\u00f3lidos, pol\u00edticas feministas y pol\u00edticas antirracistas \u201d.<\/p>\n\n\n\n<p>Dentro del marco competencial actual, se pueden hacer otro tipo de pol\u00edticas p\u00fablicas, seg\u00fan Aranburu, pero, para ello, se tiene que cambiar de raiz la orientaci\u00f3n de las pol\u00edticas del Gobierno Vasco y de las diputaciones. A\u00fan as\u00ed, ha recordado que Euskal Herria es una naci\u00f3n sin instrumentos de estado, \u201csin plena capacidad de decisi\u00f3n en cuestiones sociolaborales y socioecon\u00f3micas\u201d.<\/p>\n\n\n\n<p>Por ello, la coordinadora general ha reiterado la necesidad de nuevos estatus pol\u00edticos que reconozcan que somos una naci\u00f3n y de marcos jur\u00eddicos y pol\u00edticos que superen los l\u00edmites existentes para decidir aqu\u00ed las condiciones laborales y de vida y que aseguren un marco socioecon\u00f3mico propio.<\/p>\n\n\n\n<p>En cuanto a los ejes principales en los que trabajar\u00e1 el sindicato este curso, Aranburu ha mencionado los siguientes:<\/p>\n\n\n\n<p><strong>1. Lucha contra la precariedad y para reducir las brechas entre los trabajadores. <\/strong>En la lucha contra la precariedad, LAB actuar\u00e1 contra toda discriminaci\u00f3n por raz\u00f3n de sexo, g\u00e9nero, orientaci\u00f3n, raza o idioma. La principal l\u00ednea de trabajo ser\u00e1 la lucha por la dignificaci\u00f3n salarial, ya que, entre otras medidas, tambi\u00e9n es una v\u00eda para combatir las discriminaciones:<\/p>\n\n\n\n<ul class=\"wp-block-list\">\n<li>LAB apostar\u00e1 por salarios por encima del IPC. La riqueza que se genera en los \u00faltimos a\u00f1os se reparte cada vez peor y, para paliar esos desequilibrios, se necesitan subidas salariales que garanticen el poder adquisitivo.<\/li>\n\n\n\n<li>Salario M\u00ednimo Interprofesional: la patronal cerr\u00f3 la puerta a negociar un acuerdo, pero en poco tiempo se han recogido m\u00e1s de 138.000 firmas en Hego Euskal Herria. Ni la patronal, ni los partidos, ni el Gobierno pueden hacer o\u00eddos sordos a esta reivindicaci\u00f3n. LAB seguir\u00e1 trabajando por un salario m\u00ednimo, tanto en la negociaci\u00f3n colectiva como en iniciativas con la mayor\u00eda sindical.<\/li>\n\n\n\n<li>Tener un salario m\u00ednimo digno es una reivindicaci\u00f3n estrat\u00e9gica para que las condiciones de vida de miles de trabajadores sean m\u00e1s dignas. LAB no da por buena la divisi\u00f3n entre los trabajadores que hace el sistema capitalista y la subida del salario m\u00ednimo ayudar\u00eda a combatir las brechas entre los trabajadores.<\/li>\n\n\n\n<li>Junto a los salarios dignos, LAB reivindica unas pensiones dignas. La ILP a favor del SMI no es la \u00fanica que est\u00e1 en tramitaci\u00f3n. LAB quiere recordar y poner en valor el ingente trabajo realizado por las personas pensionistas y la demanda de la ILP a favor de la pensi\u00f3n m\u00ednima.<\/li>\n<\/ul>\n\n\n\n<p><strong>2. Defensa de los servicios p\u00fablicos<\/strong><strong>:<\/strong><\/p>\n\n\n\n<ul class=\"wp-block-list\">\n<li>Sanidad: en el Pacto de Salud no ha habido objetivos de fortalecer el sistema sanitario p\u00fablico. El principal debate ha sido si los servicios a prestar por Osakidetza se prestar\u00e1n con medios p\u00fablicos o privados, y se ha querido mantener el proceso de privatizaci\u00f3n. LAB y todos los sindicatos presentes, junto con otros agentes, han quedado fuera del pacto. <strong><br><\/strong>LAB no permitir\u00e1 el desmantelamiento del sistema p\u00fablico de salud y seguir\u00e1 pralizando los procesos de privatizaci\u00f3n, denunciando la concertaci\u00f3n y luchando por medidas que no se han tenido en cuenta en la Mesa de Salud en la Mesa Sectorial de Salud de Osakidetza. Al mismo tiempo, analizar\u00e1 c\u00f3mo responder a nivel social junto con otros sindicatos y agentes.<\/li>\n\n\n\n<li>Educaci\u00f3n: en los acuerdos cerrados el a\u00f1o anterior, para LAB fue importante aliviar las cargas laborales y mejorar los salarios, as\u00ed como conseguir recursos adicionales para mejorar la educaci\u00f3n p\u00fablica. Nada m\u00e1s firmar el acuerdo, LAB percivi\u00f3 la voluntad por parte del Gobierno Vasco de no poner a disposici\u00f3n de las y los trabajadores todos los recursos adicionales acordados y respondi\u00f3 con un paro. El sindicato har\u00e1 un seguimiento cercano de la implementaci\u00f3n de los acuerdos y, en caso de incumplimientos, activar\u00e1 la acci\u00f3n sindical y las movilizaciones. Tambi\u00e9n trabajar\u00e1 para conseguir mejoras en las condiciones de los sectores subcontratados.<\/li>\n\n\n\n<li>Sistema P\u00fablico de Cuidados: las necesidades de cuidados est\u00e1n aumentando y no se le est\u00e1 dando una respuesta adecuada a ello. El sistema p\u00fablico debe responder a las necesidades de los cuidados. Los trabajos de cuidado est\u00e1n actualmente privatizados y las trabajadoras de cuidados realizan un trabajo p\u00fablico en una situaci\u00f3n totalmente precaria en las empresas privadas que hacen negocio. Hay que crear un sistema p\u00fablico de cuidados, y en ese sentido, LAB impulsar\u00e1 las equiparaciones de las condiciones laborales, y luchar\u00e1 por renovar los convenios y reducir ratios, as\u00ed como por los procesos de publificaci\u00f3n.<\/li>\n\n\n\n<li>Euskera: La ciudadan\u00eda tiene derecho a vivir y trabajar en euskera y recibir los servicios p\u00fablicos en euskera, y tambi\u00e9n las y los trabajadores p\u00fablicos a trabajar en euskera. La euskaldunizaci\u00f3n de la administraci\u00f3n contribuye a promover y normalizar el conocimiento del euskera. Ante la actual ofensiva pol\u00edtica, jur\u00eddica y social, LAB viene diciendo que se necesitan nuevas leyes y garant\u00edas jur\u00eddicas y que eso exige tambi\u00e9n una respuesta social. En este sentido, el sindicato impulsar\u00e1 movilizaciones en oto\u00f1o.<\/li>\n<\/ul>\n\n\n\n<p><strong>3. Defender la industria e impulsar la transici\u00f3n ecosocial: <\/strong>el plan industrial que acaba de presentar el Gobierno Vasco no responde a ese objetivo ni asegura que se vayan a dar pasos en la transici\u00f3n ecosocial; por ejemplo, no hay una decisi\u00f3n clara para abordar el proceso de descarbonizaci\u00f3n, ni ninguna garant\u00eda de apoyo al empleo industrial o de que ese empleo sea digno.<\/p>\n\n\n\n<p>Se va a poner mucho dinero p\u00fablico a disposici\u00f3n de las empresas, pero no hay una intervenci\u00f3n p\u00fablica activa para abordar la reconversi\u00f3n industrial en t\u00e9rminos ecosociales. Ese dinero p\u00fablico acaba en los bolsillos privados. Porque de pors i no garantiza los avances tecnol\u00f3gicos, el arraigo y la continuidad de las empresas ni un empleo digno. LAB defiende el derecho al empleo e incorporar\u00e1 cl\u00e1usulas para la transici\u00f3n ecosocial en la negociaci\u00f3n colectiva.<\/p>\n\n\n\n<p>Aranburu ha concluido su intervenci\u00f3n se\u00f1alando que LAB luchar\u00e1 por la transformaci\u00f3n social, pero tambi\u00e9n por impulsar un proceso de cambio pol\u00edtico. \u201cLAB ser\u00e1 un agente activo en el debate abierto sobre un nuevo estatus. Porque ese nuevo estatus debe incluir la posibilidad de decidir aqui los salarios, las pensiones y las condiciones laborales, los servicios p\u00fablicos. Tiene que tener garant\u00edas para la constituci\u00f3n del Marco Vasco de Relaciones Laborales y Protecci\u00f3n Social, un marco socioecon\u00f3mico propio\u201d.<\/p>\n","protected":false},"excerpt":{"rendered":"<p>El sindicato tendr\u00e1 como principales prioridades la lucha para reducir la precariedad, la defensa de los servicios p\u00fablicos y la pol\u00edtica industrial para la transici\u00f3n ecosocial, y ser\u00e1 un agente activo para conseguir mayores cotas de soberan\u00eda. Pol\u00edticas p\u00fablicas y un sindicalismo combativo, feminista y antirracista que asegure unas condiciones de vida dignas a todas [&hellip;]<\/p>\n","protected":false},"author":1191,"featured_media":82686,"comment_status":"closed","ping_status":"closed","sticky":false,"template":"","format":"standard","meta":{"_monsterinsights_skip_tracking":false,"_monsterinsights_sitenote_active":false,"_monsterinsights_sitenote_note":"","_monsterinsights_sitenote_category":0,"footnotes":"","_links_to":"","_links_to_target":""},"categories":[18,3283],"tags":[3033,3178,3279],"class_list":{"0":"post-82677","1":"post","2":"type-post","3":"status-publish","4":"format-standard","5":"has-post-thumbnail","7":"category-es-accion-sindical","8":"category-sin-categorizar","9":"tag-accion-sindical-es","10":"tag-destacado-1","11":"tag-portada-es"},"_links":{"self":[{"href":"https:\/\/www.lab.eus\/es\/wp-json\/wp\/v2\/posts\/82677","targetHints":{"allow":["GET"]}}],"collection":[{"href":"https:\/\/www.lab.eus\/es\/wp-json\/wp\/v2\/posts"}],"about":[{"href":"https:\/\/www.lab.eus\/es\/wp-json\/wp\/v2\/types\/post"}],"author":[{"embeddable":true,"href":"https:\/\/www.lab.eus\/es\/wp-json\/wp\/v2\/users\/1191"}],"replies":[{"embeddable":true,"href":"https:\/\/www.lab.eus\/es\/wp-json\/wp\/v2\/comments?post=82677"}],"version-history":[{"count":1,"href":"https:\/\/www.lab.eus\/es\/wp-json\/wp\/v2\/posts\/82677\/revisions"}],"predecessor-version":[{"id":82678,"href":"https:\/\/www.lab.eus\/es\/wp-json\/wp\/v2\/posts\/82677\/revisions\/82678"}],"wp:featuredmedia":[{"embeddable":true,"href":"https:\/\/www.lab.eus\/es\/wp-json\/wp\/v2\/media\/82686"}],"wp:attachment":[{"href":"https:\/\/www.lab.eus\/es\/wp-json\/wp\/v2\/media?parent=82677"}],"wp:term":[{"taxonomy":"category","embeddable":true,"href":"https:\/\/www.lab.eus\/es\/wp-json\/wp\/v2\/categories?post=82677"},{"taxonomy":"post_tag","embeddable":true,"href":"https:\/\/www.lab.eus\/es\/wp-json\/wp\/v2\/tags?post=82677"}],"curies":[{"name":"wp","href":"https:\/\/api.w.org\/{rel}","templated":true}]}}