{"id":82649,"date":"2025-08-27T10:13:26","date_gmt":"2025-08-27T10:13:26","guid":{"rendered":"https:\/\/www.lab.eus\/?p=82649"},"modified":"2025-08-28T10:24:22","modified_gmt":"2025-08-28T10:24:22","slug":"muere-un-transportista-de-38-anos-en-erriberri","status":"publish","type":"post","link":"https:\/\/www.lab.eus\/es\/muere-un-transportista-de-38-anos-en-erriberri\/","title":{"rendered":"Muere un transportista de 38 a\u00f1os en Erriberri"},"content":{"rendered":"\n<p>Seg\u00fan ha podido saber LAB, un transportista de Pamplona ha fallecido esta madrugada en Erriberri al salirse de la v\u00eda y volcar el cami\u00f3n en el que trabajaba.<\/p>\n\n\n\n<p>En primer lugar, LAB quiere mostrar su dolor y solidaridad con familiares, compa\u00f1eros y allegados.<\/p>\n\n\n\n<p>Por otro lado, es alarmante el grado de precarizaci\u00f3n del sector del transporte, que no deja de aumentar. Prueba de ello son los datos de este a\u00f1o: en lo que va de a\u00f1o han muerto al menos 14 transportistas. En total, 46 trabajadoras y trabajadores han fallecido trabajando en Euskal Herria. El a\u00f1o pasado fallecieron 14 transportistas en el trabajo en todo el a\u00f1o, por lo que los datos indican una tendencia preocupante. LAB ha reivindicado en varias ocasiones la necesidad de que la administraci\u00f3n ponga l\u00edmites a esta violenta tendencia de precarizaci\u00f3n del sector.<\/p>\n\n\n\n<p>Detr\u00e1s de los accidentes laborales que se producen en la carretera, a menudo, se encuentran las grandes cargas de trabajo, los ritmos y, en definitiva, las dificultades para llevar una vida sana, que se convierten en factores de riesgo; no es casualidad que el accidente de hoy se haya producido en horas bajas, ya que ha ocurrido a las 04:00 horas.<\/p>\n\n\n\n<p>Desde hace tiempo venimos reivindicando medidas concretas para este sector; entre otras, las siguientes: zonas de descanso y servicios dignos en todos los municipios para que las y los transportistas puedan cumplir la normativa de transporte y salud laboral y realizar descansos adecuados; restricciones y\/o peajes gratuitos en las autopistas; control e inspecci\u00f3n administrativa de los fraudes en el sector del transporte (subcontrataci\u00f3n, falsas cooperativas&#8230;) para garantizar el cumplimiento de la normativa; y adelantar la edad de jubilaci\u00f3n.<\/p>\n\n\n\n<p>En marzo se registr\u00f3 el accidente laboral m\u00e1s grave en d\u00e9cadas en las carreteras navarras, en el que perdieron la vida 4 trabajadores transportistas. LAB present\u00f3 entonces al Gobierno de Navarra las citadas medidas para que las cumpla con urgencia. En cambio, el Gobierno de Navarra no ha hecho nada, por no querer distanciarse del di\u00e1logo social controlado por los empresarios de CEN y los sindicatos CCOO y CEN. En consecuencia, con el accidente laboral mortal de hoy, ya son 17 las y los trabajadores que han fallecido en Navarra como consecuencia de la precariedad y la dejadez.<\/p>\n\n\n\n<p>El viernes 27, los sindicatos LAB, ESK, STEILAS, EHNE-Etxalde e HIRU se movilizar\u00e1n en Pamplona para denunciar esta muerte laboral; a las 10:30 horas, en el Paseo de Sarasate.<\/p>\n","protected":false},"excerpt":{"rendered":"<p>Es alarmante el grado de precarizaci\u00f3n del sector del transporte, que no deja de aumentar.<\/p>\n","protected":false},"author":1191,"featured_media":82650,"comment_status":"closed","ping_status":"closed","sticky":false,"template":"","format":"standard","meta":{"_monsterinsights_skip_tracking":false,"_monsterinsights_sitenote_active":false,"_monsterinsights_sitenote_note":"","_monsterinsights_sitenote_category":0,"footnotes":"","_links_to":"","_links_to_target":""},"categories":[18,15,2973],"tags":[3033,3178],"class_list":{"0":"post-82649","1":"post","2":"type-post","3":"status-publish","4":"format-standard","5":"has-post-thumbnail","7":"category-es-accion-sindical","8":"category-es-salud-laboral","9":"category-secretarias","10":"tag-accion-sindical-es","11":"tag-destacado-1"},"_links":{"self":[{"href":"https:\/\/www.lab.eus\/es\/wp-json\/wp\/v2\/posts\/82649","targetHints":{"allow":["GET"]}}],"collection":[{"href":"https:\/\/www.lab.eus\/es\/wp-json\/wp\/v2\/posts"}],"about":[{"href":"https:\/\/www.lab.eus\/es\/wp-json\/wp\/v2\/types\/post"}],"author":[{"embeddable":true,"href":"https:\/\/www.lab.eus\/es\/wp-json\/wp\/v2\/users\/1191"}],"replies":[{"embeddable":true,"href":"https:\/\/www.lab.eus\/es\/wp-json\/wp\/v2\/comments?post=82649"}],"version-history":[{"count":6,"href":"https:\/\/www.lab.eus\/es\/wp-json\/wp\/v2\/posts\/82649\/revisions"}],"predecessor-version":[{"id":82671,"href":"https:\/\/www.lab.eus\/es\/wp-json\/wp\/v2\/posts\/82649\/revisions\/82671"}],"wp:featuredmedia":[{"embeddable":true,"href":"https:\/\/www.lab.eus\/es\/wp-json\/wp\/v2\/media\/82650"}],"wp:attachment":[{"href":"https:\/\/www.lab.eus\/es\/wp-json\/wp\/v2\/media?parent=82649"}],"wp:term":[{"taxonomy":"category","embeddable":true,"href":"https:\/\/www.lab.eus\/es\/wp-json\/wp\/v2\/categories?post=82649"},{"taxonomy":"post_tag","embeddable":true,"href":"https:\/\/www.lab.eus\/es\/wp-json\/wp\/v2\/tags?post=82649"}],"curies":[{"name":"wp","href":"https:\/\/api.w.org\/{rel}","templated":true}]}}