{"id":82636,"date":"2025-08-26T09:22:33","date_gmt":"2025-08-26T09:22:33","guid":{"rendered":"https:\/\/www.lab.eus\/?p=82636"},"modified":"2025-08-26T09:22:52","modified_gmt":"2025-08-26T09:22:52","slug":"la-plantilla-de-enviser-lleva-cinco-meses-de-huelga-en-defensa-de-unas-condiciones-laborales-dignas","status":"publish","type":"post","link":"https:\/\/www.lab.eus\/es\/la-plantilla-de-enviser-lleva-cinco-meses-de-huelga-en-defensa-de-unas-condiciones-laborales-dignas\/","title":{"rendered":"La plantilla de Enviser lleva cinco meses de huelga en defensa de unas condiciones laborales dignas"},"content":{"rendered":"\n<p>Las y los trabajadores del servicio de mantenimiento de parques, jardines y anillo verde de Gasteiz, subcontratados por la empresa Enviser, llevan cinco meses de huelga. Las y los trabajadores subcontratados por el Ayuntamiento de Gasteiz iniciaron hace seis meses movilizaciones en favor de un convenio propio que les garantice una vida digna y denunciaron que se les aplica el convenio estatal de jardiner\u00eda, de escaso contenido y que no tiene en cuenta las necesidades de aqu\u00ed. Reivindican tener capacidad para negociar aqu\u00ed sus condiciones laborales, pero las reivindicaciones del comit\u00e9 de empresa fueron respondidas con cerraz\u00f3n por parte de la empresa y el ayuntamiento. Ante ello, las y los trabajadores recurrieron a la huelga. Desde entonces han llevado a cabo un sinf\u00edn de movilizaciones y din\u00e1micas. Sin embargo, el ayuntamiento y Enviser no han dejado de rechazar las demandas del comit\u00e9, y, lejos de solucionar el conflicto, se han esforzado en imponer sus condiciones a las y los trabajadores.<\/p>\n\n\n\n<p>Ante esta actitud irresponsable, la plantilla ha demostrado su voluntad de continuar con la huelga y las movilizaciones. El Ayuntamiento ha tratado de eludir su responsabilidad, pero el propio Ayuntamiento es responsable de la empresa que subcontrata, motivo por el cual el comit\u00e9 de empresa le ha venido reivindicando reiteradamente la adopci\u00f3n inmediata de medidas. La respuesta, sin embargo, es decepcionante. Las propuestas puestas encima de la mesa no son, en absoluto, aceptables.<\/p>\n\n\n\n<p>Las y los trabajadores tienen la determinaci\u00f3n de seguir luchando hasta conseguir un convenio que les garantice un nivel de vida digno y, como muestra de ello, han colgado una gran pancarta esta ma\u00f1ana, d\u00eda en el que han cumplido cinco meses de huelga.<\/p>\n","protected":false},"excerpt":{"rendered":"<p>Las y los trabajadores tienen la determinaci\u00f3n de seguir luchando hasta conseguir un convenio que les garantice un nivel de vida digno y, como muestra de ello, han colgado una gran pancarta esta ma\u00f1ana, d\u00eda en el que han cumplido cinco meses de huelga.<\/p>\n","protected":false},"author":1191,"featured_media":82638,"comment_status":"closed","ping_status":"closed","sticky":false,"template":"","format":"standard","meta":{"_monsterinsights_skip_tracking":false,"_monsterinsights_sitenote_active":false,"_monsterinsights_sitenote_note":"","_monsterinsights_sitenote_category":0,"footnotes":"","_links_to":"","_links_to_target":""},"categories":[18,2867,8],"tags":[3033,3178,3172],"class_list":{"0":"post-82636","1":"post","2":"type-post","3":"status-publish","4":"format-standard","5":"has-post-thumbnail","7":"category-es-accion-sindical","8":"category-federaciones","9":"category-es-servicios-privados","10":"tag-accion-sindical-es","11":"tag-destacado-1","12":"tag-servicios-privados-es"},"_links":{"self":[{"href":"https:\/\/www.lab.eus\/es\/wp-json\/wp\/v2\/posts\/82636","targetHints":{"allow":["GET"]}}],"collection":[{"href":"https:\/\/www.lab.eus\/es\/wp-json\/wp\/v2\/posts"}],"about":[{"href":"https:\/\/www.lab.eus\/es\/wp-json\/wp\/v2\/types\/post"}],"author":[{"embeddable":true,"href":"https:\/\/www.lab.eus\/es\/wp-json\/wp\/v2\/users\/1191"}],"replies":[{"embeddable":true,"href":"https:\/\/www.lab.eus\/es\/wp-json\/wp\/v2\/comments?post=82636"}],"version-history":[{"count":2,"href":"https:\/\/www.lab.eus\/es\/wp-json\/wp\/v2\/posts\/82636\/revisions"}],"predecessor-version":[{"id":82640,"href":"https:\/\/www.lab.eus\/es\/wp-json\/wp\/v2\/posts\/82636\/revisions\/82640"}],"wp:featuredmedia":[{"embeddable":true,"href":"https:\/\/www.lab.eus\/es\/wp-json\/wp\/v2\/media\/82638"}],"wp:attachment":[{"href":"https:\/\/www.lab.eus\/es\/wp-json\/wp\/v2\/media?parent=82636"}],"wp:term":[{"taxonomy":"category","embeddable":true,"href":"https:\/\/www.lab.eus\/es\/wp-json\/wp\/v2\/categories?post=82636"},{"taxonomy":"post_tag","embeddable":true,"href":"https:\/\/www.lab.eus\/es\/wp-json\/wp\/v2\/tags?post=82636"}],"curies":[{"name":"wp","href":"https:\/\/api.w.org\/{rel}","templated":true}]}}