{"id":82626,"date":"2025-08-25T12:01:06","date_gmt":"2025-08-25T12:01:06","guid":{"rendered":"https:\/\/www.lab.eus\/?p=82626"},"modified":"2025-08-25T12:01:09","modified_gmt":"2025-08-25T12:01:09","slug":"gaztetxo-eskola-debera-indemnizar-a-todo-el-personal-y-readmitir-a-las-y-los-trabajadores-que-desean-seguir-trabajando","status":"publish","type":"post","link":"https:\/\/www.lab.eus\/es\/gaztetxo-eskola-debera-indemnizar-a-todo-el-personal-y-readmitir-a-las-y-los-trabajadores-que-desean-seguir-trabajando\/","title":{"rendered":"Gaztetxo Eskola deber\u00e1 indemnizar a todo el personal y readmitir a las y los trabajadores que desean seguir trabajando"},"content":{"rendered":"\n<p>Ante los fraudes y despidos cometidos por Gaztetxo Eskola en BBK Klima de Busturia, las y los trabajadores empezar\u00f3n a luchar y movilizarse a mediados de junio, y desde sentonces han realizado un sinf\u00edn de movilizaciones, pancartas, reuniones y convocatorias de prensa; as\u00ed como una acampada de tres d\u00edas.<\/p>\n\n\n\n<p>Desde el principio, LAB dijo que lo realizado por Gaztetxo Eskola en BBK Klima era un fraude lleno de irregularidades: amenazas a las y los trabajadores, procesos irregulares de subrogaci\u00f3n, informes inventados contra las y los trabajadoress, cartas de despido&#8230; Todo, adem\u00e1s, lo hicieron de forma hostil y agresiva, con un objetivo claro: amedrentar y silenciar a las y los trabajadores despedidos.<\/p>\n\n\n\n<p>Las y los trabajadores, sin embargo, en vez de intimidarse, decidieron organizarse y luchar. Denunciaron los hechos y activaron la acci\u00f3n sindical y jur\u00eddica. Ahora, la lucha les ha dado la raz\u00f3n: Gaztetxo Eskola tendr\u00e1 que pagar las indemnizaciones de todo el a\u00f1o a todas y todos los trabajadores que ten\u00edan que trabajar en BBK Klima, y tendr\u00e1 que readmitir a las y los trabajadores que quieran reincorporarse. Una vez m\u00e1s, ha quedado claro que la lucha merece la pena.<\/p>\n\n\n\n<p>Gaztetxo Eskola es una empresa vinculada al PNV, y esta lucha ha vuelto a poner de manifiesto el clientelismo del PNV: una empresa cercana al PNV (dotada de fondos p\u00fablicos por la Diputaci\u00f3n Foral de Bizkaia) se ha hecho con la gesti\u00f3n de un centro de trabajo, no respetando los derechos laborales ni el convenio colectivo y actuando con autoritarismo contra las y los trabajadores j\u00f3venes.<\/p>\n\n\n\n<p>Desgraciadamente, esta situaci\u00f3n no es una excepci\u00f3n: en las colonias de verano se est\u00e1 convirtiendo en habitual que las empresas que reciben subvenciones de la administraci\u00f3n p\u00fablica vulneren los derechos laborales, incumpliendo los convenios laborales y normalizando la explotaci\u00f3n, mientras la Diputaci\u00f3n Foral de Bizkaia los ignora.<\/p>\n\n\n\n<p>Por ello, tal y como han hecho las y los trabajadores de BBK Klima, LAB hace un llamamiento a las y los jovenes que sufren la precarizaci\u00f3n para que se organicen y luchen por sus derechos laborales, para cambiar su situaci\u00f3n de ra\u00edz.<\/p>\n\n\n\n<p>Para finalizar, LAB quiere agradecer a los miembros, agentes e individuos del movimiento popular de Busturialdea su apoyo y ayuda.<\/p>\n","protected":false},"excerpt":{"rendered":"<p>LAB hace un llamamiento a las y los jovenes que sufren la precarizaci\u00f3n para que se organicen y luchen por sus derechos laborales, para cambiar su situaci\u00f3n de ra\u00edz.<\/p>\n","protected":false},"author":1191,"featured_media":82628,"comment_status":"closed","ping_status":"closed","sticky":false,"template":"","format":"standard","meta":{"_monsterinsights_skip_tracking":false,"_monsterinsights_sitenote_active":false,"_monsterinsights_sitenote_note":"","_monsterinsights_sitenote_category":0,"footnotes":"","_links_to":"","_links_to_target":""},"categories":[18,2867,8,1],"tags":[3033,3178,3080],"class_list":{"0":"post-82626","1":"post","2":"type-post","3":"status-publish","4":"format-standard","5":"has-post-thumbnail","7":"category-es-accion-sindical","8":"category-federaciones","9":"category-es-servicios-privados","10":"category-uncategorized-eu","11":"tag-accion-sindical-es","12":"tag-destacado-1","13":"tag-servicios-privados"},"_links":{"self":[{"href":"https:\/\/www.lab.eus\/es\/wp-json\/wp\/v2\/posts\/82626","targetHints":{"allow":["GET"]}}],"collection":[{"href":"https:\/\/www.lab.eus\/es\/wp-json\/wp\/v2\/posts"}],"about":[{"href":"https:\/\/www.lab.eus\/es\/wp-json\/wp\/v2\/types\/post"}],"author":[{"embeddable":true,"href":"https:\/\/www.lab.eus\/es\/wp-json\/wp\/v2\/users\/1191"}],"replies":[{"embeddable":true,"href":"https:\/\/www.lab.eus\/es\/wp-json\/wp\/v2\/comments?post=82626"}],"version-history":[{"count":1,"href":"https:\/\/www.lab.eus\/es\/wp-json\/wp\/v2\/posts\/82626\/revisions"}],"predecessor-version":[{"id":82629,"href":"https:\/\/www.lab.eus\/es\/wp-json\/wp\/v2\/posts\/82626\/revisions\/82629"}],"wp:featuredmedia":[{"embeddable":true,"href":"https:\/\/www.lab.eus\/es\/wp-json\/wp\/v2\/media\/82628"}],"wp:attachment":[{"href":"https:\/\/www.lab.eus\/es\/wp-json\/wp\/v2\/media?parent=82626"}],"wp:term":[{"taxonomy":"category","embeddable":true,"href":"https:\/\/www.lab.eus\/es\/wp-json\/wp\/v2\/categories?post=82626"},{"taxonomy":"post_tag","embeddable":true,"href":"https:\/\/www.lab.eus\/es\/wp-json\/wp\/v2\/tags?post=82626"}],"curies":[{"name":"wp","href":"https:\/\/api.w.org\/{rel}","templated":true}]}}