{"id":82622,"date":"2025-08-29T06:54:05","date_gmt":"2025-08-29T06:54:05","guid":{"rendered":"https:\/\/www.lab.eus\/?p=82622"},"modified":"2025-10-17T07:18:05","modified_gmt":"2025-10-17T07:18:05","slug":"lab-lanza-una-campana-de-recogida-de-material-sanitario-para-cuba","status":"publish","type":"post","link":"https:\/\/www.lab.eus\/es\/lab-lanza-una-campana-de-recogida-de-material-sanitario-para-cuba\/","title":{"rendered":"LAB lanza una campa\u00f1a de recogida de material sanitario para Cuba"},"content":{"rendered":"\n<p>Para denunciar las agresiones a las que se enfrenta el pueblo cubano y fortalecer su derecho a la salud p\u00fablica, el sindicato LAB, respondiendo a las demandas presentadas por asociaciones de la solidaridad y de la emigraci\u00f3n cubana en Euskal Herria, ha dado inicio a la campa\u00f1a <em>Langileon elkartasunez, blokeoa hautsi!<\/em>, una campa\u00f1a de solidaridad internacionalista impulsada por las y los trabajadores vascos del sector de sanidad y sostenida por toda la afiliaci\u00f3n y comunidad de LAB.<\/p>\n\n\n\n<p>Cuba ha logrado construir uno de los sistemas de salud m\u00e1s admirables del mundo, a pesar de enfrentarse a un bloqueo econ\u00f3mico, comercial y financiero impuesto por Estados Unidos durante m\u00e1s de seis d\u00e9cadas. Este bloqueo, que se puede calificar como un acto de guerra econ\u00f3mica, ha tenido consecuencias devastadoras para la clase trabajadora cubana, limitando el acceso a medicamentos, equipos m\u00e9dicos y tecnolog\u00edas esenciales. Hoy, por ejemplo, los hospitales y farmacias de Cuba apenas cuentan solo con el 30 % del cuadro b\u00e1sico de medicamentos.<\/p>\n\n\n\n<p>Las recientes medidas coercitivas aprobadas por el gobierno de Donald Trump contra Cuba, sumadas a las 243 medidas aplicadas en los \u00faltimos 5 a\u00f1os, obligan a empresas farmac\u00e9uticas y proveedores internacionales a negar suministros a Cuba, por temor a represalias econ\u00f3micas de EE.UU. Adem\u00e1s, la inclusi\u00f3n de la isla por parte de EE.UU en su lista de pa\u00edses \u00abpatrocinadores del terrorismo\u00bb conlleva sanciones financieras que impiden a Cuba acceder a cr\u00e9ditos internacionales para comprar material sanitario.<\/p>\n\n\n\n<p>El bloqueo contra Cuba ha sido condenado en m\u00faltiples ocasiones por la comunidad internacional. En 2023, el Tribunal Internacional de Justicia calific\u00f3 las sanciones como un delito de agresi\u00f3n, como un crimen contra la humanidad que puede conllevar al genocidio, exigiendo su levantamiento inmediato. Asimismo, la Asamblea General de la ONU ha votado de forma reiterada, a\u00f1o tras a\u00f1o, de manera abrumadora a favor de una resoluci\u00f3n que pide el fin del bloqueo, con el apoyo de m\u00e1s de 180 pa\u00edses, con la excepci\u00f3n del agresor EE.UU. y su aliado el Estado sionista de Israel.<\/p>\n\n\n\n<p>Por todo ello, entre los d\u00edas 1 de septiembre y 15 de octubre (<a href=\"https:\/\/www.lab.eus\/es\/lab-prolongara-hasta-el-31-de-octubre-la-campana-de-solidaridad-con-cuba\/\">la campa\u00f1a se ha prolongado hasta el 31 de octubre<\/a>) LAB recoger\u00e1 material sanitario en sus sedes y en los centros de salud en los que tiene representaci\u00f3n sindical. Tambi\u00e9n estar\u00e1 canalizando aportaciones econ\u00f3micas destinadas a la compra de marcapasos. Todo el material recogido ser\u00e1 enviado gracias a la intermediaci\u00f3n de las compa\u00f1eras de Euskadi-Cuba, Sierra Maestra Euskadi y Desembarco del Granma.<\/p>\n\n\n\n<p><strong>\u00bfC\u00f3mo se puede contribuir?<\/strong><\/p>\n\n\n\n<p>Se recoger\u00e1n todo tipo de medicamentos (salvo l\u00edquidos) con caducidad m\u00ednima de 2026. Tambi\u00e9n insumos, jeringuillas, guantes, esparadrapos, vendas, sondas, suturas y productos de higiene como pa\u00f1ales, compresas y preservativos. Para ello, se han habilitado las sedes de LAB en diferentes zonas de Hego Euskal Herria:<\/p>\n\n\n\n<p>Araba: Gasteiz y Laudio.<br>Bizkaia: Bilbo, Barakaldo, Durango, Gernika y Ondarroa.<br>Gipuzkoa: Donostia (Gros), Irun, Orereta, Hernani, Tolosa, Beasain, Zumarraga, Zarautz, Eibar, Bergara y Arrasate.<br>Nafarroa: Iru\u00f1a, Lizarra, Tutera y Altsasu.<\/p>\n\n\n\n<p>En los hospitales y centros de salud, las y los delegados de LAB en Osakidetza y Osasunbidea se encargar\u00e1n de la recogida. Por otro lado, la aportaci\u00f3n a la compra de marcapasos se har\u00e1 mediante ingreso econ\u00f3mico en la siguiente cuenta corriente: ES35 3035 0134 43 1340059271 (Caja Laboral &#8211; Euskadi-Cuba) o Bizum (C\u00f3digo 04713 &#8211; Concepto: \u201cMarcapasos\u201d).<\/p>\n\n\n\n<p>El sistema de salud cubano no solo ha beneficiado a la clase trabajadora cubana, sino que ha extendido su solidaridad a otros pa\u00edses del mundo. Ahora es el momento de apoyarlo. Desde Euskal Herria, el sindicato LAB se solidariza con Cuba, y hace un llamamiento a participar en esta campa\u00f1a de solidaridad.<\/p>\n","protected":false},"excerpt":{"rendered":"<p>Entre los d\u00edas 1 de septiembre y 15 de octubre LAB recoger\u00e1 material sanitario en sus sedes y en los centros de salud en los que tiene representaci\u00f3n sindical.<\/p>\n","protected":false},"author":1191,"featured_media":82624,"comment_status":"closed","ping_status":"closed","sticky":false,"template":"","format":"standard","meta":{"_monsterinsights_skip_tracking":false,"_monsterinsights_sitenote_active":false,"_monsterinsights_sitenote_note":"","_monsterinsights_sitenote_category":0,"footnotes":"","_links_to":"","_links_to_target":""},"categories":[4,2973],"tags":[3033,3178,3296],"class_list":{"0":"post-82622","1":"post","2":"type-post","3":"status-publish","4":"format-standard","5":"has-post-thumbnail","7":"category-es-internacional","8":"category-secretarias","9":"tag-accion-sindical-es","10":"tag-destacado-1","11":"tag-ekintza-politikoa"},"_links":{"self":[{"href":"https:\/\/www.lab.eus\/es\/wp-json\/wp\/v2\/posts\/82622","targetHints":{"allow":["GET"]}}],"collection":[{"href":"https:\/\/www.lab.eus\/es\/wp-json\/wp\/v2\/posts"}],"about":[{"href":"https:\/\/www.lab.eus\/es\/wp-json\/wp\/v2\/types\/post"}],"author":[{"embeddable":true,"href":"https:\/\/www.lab.eus\/es\/wp-json\/wp\/v2\/users\/1191"}],"replies":[{"embeddable":true,"href":"https:\/\/www.lab.eus\/es\/wp-json\/wp\/v2\/comments?post=82622"}],"version-history":[{"count":7,"href":"https:\/\/www.lab.eus\/es\/wp-json\/wp\/v2\/posts\/82622\/revisions"}],"predecessor-version":[{"id":84450,"href":"https:\/\/www.lab.eus\/es\/wp-json\/wp\/v2\/posts\/82622\/revisions\/84450"}],"wp:featuredmedia":[{"embeddable":true,"href":"https:\/\/www.lab.eus\/es\/wp-json\/wp\/v2\/media\/82624"}],"wp:attachment":[{"href":"https:\/\/www.lab.eus\/es\/wp-json\/wp\/v2\/media?parent=82622"}],"wp:term":[{"taxonomy":"category","embeddable":true,"href":"https:\/\/www.lab.eus\/es\/wp-json\/wp\/v2\/categories?post=82622"},{"taxonomy":"post_tag","embeddable":true,"href":"https:\/\/www.lab.eus\/es\/wp-json\/wp\/v2\/tags?post=82622"}],"curies":[{"name":"wp","href":"https:\/\/api.w.org\/{rel}","templated":true}]}}