{"id":82424,"date":"2025-07-24T11:16:16","date_gmt":"2025-07-24T11:16:16","guid":{"rendered":"https:\/\/www.lab.eus\/?p=82424"},"modified":"2025-07-24T11:16:19","modified_gmt":"2025-07-24T11:16:19","slug":"baja-el-paro-tambien-la-tasa-de-actividad","status":"publish","type":"post","link":"https:\/\/www.lab.eus\/es\/baja-el-paro-tambien-la-tasa-de-actividad\/","title":{"rendered":"Baja el paro, tambien la tasa de actividad"},"content":{"rendered":"\n<p><strong>La tasa de paro baja al 7,3% en Hego Euskal Herria, con 103.600 personas en paro. El paro ha bajado en 11.000 personas respecto al a\u00f1o anterior, pero el n\u00famero de personas ocupadas ha descendido en 14.500. En Navarra, sin embargo, el paro ha subido, con una tasa del 7,9%. El mercado laboral amortiza empleos en vez de reemplazarlos<\/strong><\/p>\n\n\n\n<p>Llama la atenci\u00f3n la ca\u00edda de la tasa de actividad. De hecho, a pesar del aumento de la poblaci\u00f3n en el \u00faltimo a\u00f1o (27.700 personas m\u00e1s), el n\u00famero de trabajadoras y trabajadores es menor (25.400), situ\u00e1ndose la tasa de actividad en el 56,38%.&nbsp;<\/p>\n\n\n\n<p>Por otro lado, en el \u00faltimo a\u00f1o, la tasa de paro se ha mantenido entre los hombres (7,9%) y ha descendido entre las mujeres (6,6%), remontando las tasas de paro del a\u00f1o anterior. Si atendemos a la tasa de actividad, en cambio, la tasa de actividad de las mujeres (%52,70) es inferior a la de los hombres (60,1%), situ\u00e1ndose m\u00e1s de la mitad de las mujeres fuera del mercado laboral.<\/p>\n\n\n\n<p>El descenso de la tasa de actividad se produce cuando aumenta la poblaci\u00f3n y desciende la poblaci\u00f3n denominada activa. Aunque puede haber diversas razones, entre la poblaci\u00f3n inactiva ha aumentado el n\u00famero de personas jubiladas y el n\u00famero de personas que cursan estudios. La tasa de paro entre los j\u00f3venes ha subido al 22,8%, y puede que ante la oferta de empleo precaria que se les ofrece, prefieren seguir form\u00e1ndose. Por tanto, es de suponer que la p\u00e9rdida de empleo se est\u00e1 materializando porque no se sustituyen todos los empleos.&nbsp;<\/p>\n\n\n\n<p>En el sector servicios es donde m\u00e1s ha bajado el paro, 4,41 puntos. Desde el a\u00f1o pasado, tambi\u00e9n cae en el sector de la construcci\u00f3n y en las personas paradas de larga duraci\u00f3n, mientras que en la industria se mantiene en valores similares. Un total de 3.600 personas en paro de larga duraci\u00f3n han encontrado empleo en el \u00faltimo a\u00f1o. En la actualidad, la tasa de personas trabajadoras que buscan empleo durante un a\u00f1o o m\u00e1s es del 44,1%, elev\u00e1ndose al 46,4% entre las mujeres.&nbsp;<\/p>\n\n\n\n<p>En cuanto al tipo de contrato, la proporci\u00f3n de personas que trabajan a jornada parcial ha aumentado hasta situarse en el 16,8% (1,4 puntos m\u00e1s que hace un a\u00f1o). Al menos una de cada 4 mujeres (26,2%) trabaja a jornada parcial, mientras que menos de uno de cada 10 hombres lo hace. En el \u00faltimo a\u00f1o han aumentado en 15.900 las personas a jornada parcial, de las cuales el 79.9% son mujeres. Por otro lado, en el \u00faltimo trimestre, son 19.500 personas ocupadas m\u00e1s a jornada completa, de las cuales el 84,6% son hombres. En el \u00faltimo a\u00f1o, mientras se han creado 15.900 empleos a jornada parcial, han disminuido en 30.400 los trabajos a jornada completa. La importancia que est\u00e1 adquiriendo el sector servicios en la econom\u00eda, donde predominan las condiciones laborales precarias, y los EREs que se han dado en el \u00faltimo a\u00f1o, han contribuido a este desajuste de la econom\u00eda.&nbsp;<\/p>\n\n\n\n<p>A pesar del descenso del paro, la situaci\u00f3n estructural del mercado laboral es preocupante por la p\u00e9rdida de empleo. Como ya hemos mencionado, por un lado, se est\u00e1n destruyendo empleos con condiciones laborales m\u00e1s dignas, primando la precariedad y, por otro, en lugar de sustituir empleos, se dan por amortizados o se sustituyen por jornadas parciales. El sindicato LAB considera imprescindible contar con un Sistema de Relaciones Laborales y Protecci\u00f3n Social propio, que garantice las necesidades de la clase trabajadora de nuestro pa\u00eds dentro de un Marco Propio con derecho a decidir. Las carencias estructurales del mercado de trabajo hay que disputarlas con la lucha en todos los \u00e1mbitos por un nuevo modelo de econom\u00eda.&nbsp;<\/p>\n","protected":false},"excerpt":{"rendered":"<p>La tasa de paro baja al 7,3% en Hego Euskal Herria, con 103.600 personas en paro. El paro ha bajado en 11.000 personas respecto al a\u00f1o anterior, pero el n\u00famero de personas ocupadas ha descendido en 14.500. En Navarra, sin embargo, el paro ha subido, con una tasa del 7,9%. El mercado laboral amortiza empleos [&hellip;]<\/p>\n","protected":false},"author":1191,"featured_media":82426,"comment_status":"closed","ping_status":"closed","sticky":false,"template":"","format":"standard","meta":{"_monsterinsights_skip_tracking":false,"_monsterinsights_sitenote_active":false,"_monsterinsights_sitenote_note":"","_monsterinsights_sitenote_category":0,"footnotes":"","_links_to":"","_links_to_target":""},"categories":[2994],"tags":[3182,3178],"class_list":{"0":"post-82424","1":"post","2":"type-post","3":"status-publish","4":"format-standard","5":"has-post-thumbnail","7":"category-accion-social","8":"tag-accion-social-es","9":"tag-destacado-1"},"_links":{"self":[{"href":"https:\/\/www.lab.eus\/es\/wp-json\/wp\/v2\/posts\/82424","targetHints":{"allow":["GET"]}}],"collection":[{"href":"https:\/\/www.lab.eus\/es\/wp-json\/wp\/v2\/posts"}],"about":[{"href":"https:\/\/www.lab.eus\/es\/wp-json\/wp\/v2\/types\/post"}],"author":[{"embeddable":true,"href":"https:\/\/www.lab.eus\/es\/wp-json\/wp\/v2\/users\/1191"}],"replies":[{"embeddable":true,"href":"https:\/\/www.lab.eus\/es\/wp-json\/wp\/v2\/comments?post=82424"}],"version-history":[{"count":1,"href":"https:\/\/www.lab.eus\/es\/wp-json\/wp\/v2\/posts\/82424\/revisions"}],"predecessor-version":[{"id":82425,"href":"https:\/\/www.lab.eus\/es\/wp-json\/wp\/v2\/posts\/82424\/revisions\/82425"}],"wp:featuredmedia":[{"embeddable":true,"href":"https:\/\/www.lab.eus\/es\/wp-json\/wp\/v2\/media\/82426"}],"wp:attachment":[{"href":"https:\/\/www.lab.eus\/es\/wp-json\/wp\/v2\/media?parent=82424"}],"wp:term":[{"taxonomy":"category","embeddable":true,"href":"https:\/\/www.lab.eus\/es\/wp-json\/wp\/v2\/categories?post=82424"},{"taxonomy":"post_tag","embeddable":true,"href":"https:\/\/www.lab.eus\/es\/wp-json\/wp\/v2\/tags?post=82424"}],"curies":[{"name":"wp","href":"https:\/\/api.w.org\/{rel}","templated":true}]}}