{"id":82419,"date":"2025-07-24T10:14:46","date_gmt":"2025-07-24T10:14:46","guid":{"rendered":"https:\/\/www.lab.eus\/?p=82419"},"modified":"2025-07-24T10:14:49","modified_gmt":"2025-07-24T10:14:49","slug":"un-nuevo-transportista-muerto-en-el-proceso-de-carga-descarga-se-repite-un-accidente-clasico","status":"publish","type":"post","link":"https:\/\/www.lab.eus\/es\/un-nuevo-transportista-muerto-en-el-proceso-de-carga-descarga-se-repite-un-accidente-clasico\/","title":{"rendered":"Un nuevo transportista muerto en el proceso de carga-descarga, se repite un accidente cl\u00e1sico"},"content":{"rendered":"\n<p><strong>Ayer, mi\u00e9rcoles, un transportista fue golpeado por una m\u00e1quina de carga mientras realizaban labores de carga y descarga en la empresa Ebaki de Muxika. El trabajador de la empresa de transportes subcontratada fue atendido en el lugar en una ambulancia medicalizada, pero falleci\u00f3 horas despu\u00e9s a consecuencia de las graves heridas sufridas.<\/strong><\/p>\n\n\n\n<p>En primer lugar, el Sindicato LAB quiere expresar sus condolencias y solidaridad con los y las familiares, amigas y allegadas del trabajador fallecido.<\/p>\n\n\n\n<p>LAB quiere denunciar que la normativa de prevenci\u00f3n prev\u00e9 esta situaci\u00f3n y que las empresas contratantes deben tener elaborados procedimientos para que los transportistas deban esperar en la cabina o protegerse en zonas seguras. Por tanto, es necesario desarrollar procedimientos para la coordinaci\u00f3n de actividades y controlar este tipo de riesgo. Ayer, el procedimiento o no estaba desarrollado o no se puso en marcha. Ambas opciones, deben dinamizarlas los empresarios tal y como regula la ley.<\/p>\n\n\n\n<p>De hecho, esta misma semana hemos escuchado a la subdirectora de Osalan hacer preocupentes declaraciones en la radio p\u00fablica, \u00abaunque la ley situa al empresario como responsable y garante de la prevenci\u00f3n, tanto los trabajadores como los sindicatos tambien son responsables\u00bb. \u00bfC\u00f3mo va a evitar un trabajador un accidente de este tipo si la empresa no ha desarrollado un protocolo, o si estando desarrollado no interpone recursos preventivos y medios para llevarlo a cabo? Retir la responsabilidad al empresario s\u00f3lo genera accidentes y muerte, y lamentablemente el papel que est\u00e1 desempe\u00f1ando la administraci\u00f3n es el de extender las responsabilidades a los y las trabajadoras que no cuentan con medios y en cambio protegen la impunidad de los empresarios. La causa b\u00e1sica que genera los accidentes es que la administraci\u00f3n lleva 30 a\u00f1os apoyando la impunidad de los empresarios. Una decisi\u00f3n que ya ha dejado ya 41 muertos en lo que va de a\u00f1o.<\/p>\n\n\n\n<p>El sindicato LAB se suma as\u00ed a los paros y movilizaciones que el comit\u00e9 de Ebaki convocar\u00e1 en las pr\u00f3ximas horas.&nbsp;<\/p>\n","protected":false},"excerpt":{"rendered":"<p>Ayer, mi\u00e9rcoles, un transportista fue golpeado por una m\u00e1quina de carga mientras realizaban labores de carga y descarga en la empresa Ebaki de Muxika. El trabajador de la empresa de transportes subcontratada fue atendido en el lugar en una ambulancia medicalizada, pero falleci\u00f3 horas despu\u00e9s a consecuencia de las graves heridas sufridas. En primer lugar, [&hellip;]<\/p>\n","protected":false},"author":1191,"featured_media":82421,"comment_status":"closed","ping_status":"closed","sticky":false,"template":"","format":"standard","meta":{"_monsterinsights_skip_tracking":false,"_monsterinsights_sitenote_active":false,"_monsterinsights_sitenote_note":"","_monsterinsights_sitenote_category":0,"footnotes":"","_links_to":"","_links_to_target":""},"categories":[18,130,15],"tags":[3033,3178,3263],"class_list":{"0":"post-82419","1":"post","2":"type-post","3":"status-publish","4":"format-standard","5":"has-post-thumbnail","7":"category-es-accion-sindical","8":"category-es-la-precariedad-mata-es-salud-laboral","9":"category-es-salud-laboral","10":"tag-accion-sindical-es","11":"tag-destacado-1","12":"tag-la-precariedad-mata-es-2"},"_links":{"self":[{"href":"https:\/\/www.lab.eus\/es\/wp-json\/wp\/v2\/posts\/82419","targetHints":{"allow":["GET"]}}],"collection":[{"href":"https:\/\/www.lab.eus\/es\/wp-json\/wp\/v2\/posts"}],"about":[{"href":"https:\/\/www.lab.eus\/es\/wp-json\/wp\/v2\/types\/post"}],"author":[{"embeddable":true,"href":"https:\/\/www.lab.eus\/es\/wp-json\/wp\/v2\/users\/1191"}],"replies":[{"embeddable":true,"href":"https:\/\/www.lab.eus\/es\/wp-json\/wp\/v2\/comments?post=82419"}],"version-history":[{"count":1,"href":"https:\/\/www.lab.eus\/es\/wp-json\/wp\/v2\/posts\/82419\/revisions"}],"predecessor-version":[{"id":82420,"href":"https:\/\/www.lab.eus\/es\/wp-json\/wp\/v2\/posts\/82419\/revisions\/82420"}],"wp:featuredmedia":[{"embeddable":true,"href":"https:\/\/www.lab.eus\/es\/wp-json\/wp\/v2\/media\/82421"}],"wp:attachment":[{"href":"https:\/\/www.lab.eus\/es\/wp-json\/wp\/v2\/media?parent=82419"}],"wp:term":[{"taxonomy":"category","embeddable":true,"href":"https:\/\/www.lab.eus\/es\/wp-json\/wp\/v2\/categories?post=82419"},{"taxonomy":"post_tag","embeddable":true,"href":"https:\/\/www.lab.eus\/es\/wp-json\/wp\/v2\/tags?post=82419"}],"curies":[{"name":"wp","href":"https:\/\/api.w.org\/{rel}","templated":true}]}}