{"id":82408,"date":"2025-07-23T12:18:14","date_gmt":"2025-07-23T12:18:14","guid":{"rendered":"https:\/\/www.lab.eus\/?p=82408"},"modified":"2025-07-23T12:18:20","modified_gmt":"2025-07-23T12:18:20","slug":"el-sindicato-lab-vota-en-contra-en-el-dictamen-sobre-el-plan-de-industria-euskadi-2030-presentado-en-la-comision-de-desarrollo-economico-del-ces","status":"publish","type":"post","link":"https:\/\/www.lab.eus\/es\/el-sindicato-lab-vota-en-contra-en-el-dictamen-sobre-el-plan-de-industria-euskadi-2030-presentado-en-la-comision-de-desarrollo-economico-del-ces\/","title":{"rendered":"El sindicato LAB vota en contra en el dictamen sobre el \u00abPLAN DE INDUSTRIA EUSKADI 2030\u00bb presentado en la comision de desarrollo economico del CES"},"content":{"rendered":"\n<p><strong>La Comisi\u00f3n de desarrollo econ\u00f3mico del CES ha aprobado recientemente el dictamen emitido en relaci\u00f3n con el Proyecto de Decreto del Plan Industrial EUSKADI 2030, con el voto en contra del sindicato LAB. Manifestamos nuestra oposici\u00f3n por las siguientes razones:<\/strong><\/p>\n\n\n\n<p>No se contempla la participaci\u00f3n de las y los trabajadores. Aunque el dictamen hace referencia a ello, no compartimos que se traslade el tema a la Mesa de Di\u00e1logo Social, donde est\u00e1 representada la minor\u00eda sindical; LAB propugna la necesidad de un espacio de participaci\u00f3n diferente para tratar espec\u00edficamente sobre el Plan Industrial.<\/p>\n\n\n\n<p>El Plan reconoce la colaboraci\u00f3n p\u00fablico-privada, aunque la intervenci\u00f3n p\u00fablica que requiere la transici\u00f3n industrial debe ser distinta. Hay que impulsar proyectos industriales con participaci\u00f3n p\u00fablica. Por otro lado, las empresas que reciben dinero p\u00fablico deben tener unas condiciones y compromisos, con un empleo digno, para acabar con las discriminaciones, invertir en innovaci\u00f3n tecnol\u00f3gica. Las empresas que se reparten dividendos no tendr\u00edan que beneficiarse de estas ayudas p\u00fablicas.<\/p>\n\n\n\n<p>No se contempla ninguna medida para garantizar el derecho al empleo ni unas condiciones laborales dignas y de calidad mientras dure la transformaci\u00f3n industrial. El plan no recoge medidas para fomentar un empleo digno. Deber\u00eda incluir un an\u00e1lisis del impacto socio-laboral de la transici\u00f3n energ\u00e9tica de la industria en la CAV. La carencia es especialmente grave ante un contexto global y econ\u00f3mico tan complejo. Se repite el discurso de la patronal sobre el absentismo, pero no se habla de la ausencia de medidas preventivas en muchas empresas. Se considera el empleo industrial como un empleo de calidad en s\u00ed mismo y esto no es as\u00ed.&nbsp;<\/p>\n\n\n\n<p>El plan no establece una planificaci\u00f3n de las transformaciones industriales m\u00e1s significativas y urgentes, como la automoci\u00f3n, en las que no se garantiza la participaci\u00f3n de sindicatos y personas trabajadoras del sector. En cuanto a los planes de descarbonizaci\u00f3n, tampoco existe garant\u00eda alguna de su elaboraci\u00f3n y cumplimiento. La falta de planificaci\u00f3n supone dejar todas las decisiones en manos de la patronal y facilita que haya consecuencias laborales traum\u00e1ticas. Todos los cambios deben reconocer y recoger la participaci\u00f3n de sindicatos y personas trabajadoras.<\/p>\n\n\n\n<p>La actual legislaci\u00f3n sobre deslocalizaciones es claramente insuficiente. Habr\u00e1 que imponer un condicionamiento estricto para evitar recibir ayudas cuando se destruya o empeore el empleo, as\u00ed como la obligaci\u00f3n de devolver el dinero, recibir sanciones y denegar el acceso a las ayudas.<\/p>\n\n\n\n<p>No se hace menci\u00f3n expl\u00edcita a la industria militar. El Gobierno Vasco afirma que quiere aprovechar las oportunidades de negocio que supone el nuevo impulso de la industria militar a nivel europeo. Desde LAB, sin embargo, apostamos por mantener una base industrial capaz de dar respuesta a las necesidades sociales de nuestro territorio. Para ello, es necesario transformar diversos sectores, reduciendo las emisiones, el uso de la energ\u00eda y los materiales. Al mismo tiempo, la industria armament\u00edstica debe caminar hacia la eliminaci\u00f3n, orientando su capacidad de producci\u00f3n hacia productos socialmente \u00fatiles y ecol\u00f3gicamente necesarios.&nbsp;<\/p>\n\n\n\n<p>Desde LAB reclamamos un verdadero plan industrial y para ello consideramos imprescindible reconocer e incluir desde el principio la participaci\u00f3n de los sindicatos ylas personas trabajadoras. Por todo ello, y considerando que el Plan de Industria 2030 que se nos presenta no establece las bases suficientes para elaborar un plan industrial orientado a la transici\u00f3n ecosocial, el voto de LAB ha sido negativo.&nbsp;<\/p>\n","protected":false},"excerpt":{"rendered":"<p>La Comisi\u00f3n de desarrollo econ\u00f3mico del CES ha aprobado recientemente el dictamen emitido en relaci\u00f3n con el Proyecto de Decreto del Plan Industrial EUSKADI 2030, con el voto en contra del sindicato LAB. Manifestamos nuestra oposici\u00f3n por las siguientes razones: No se contempla la participaci\u00f3n de las y los trabajadores. Aunque el dictamen hace referencia [&hellip;]<\/p>\n","protected":false},"author":1191,"featured_media":82411,"comment_status":"closed","ping_status":"closed","sticky":false,"template":"","format":"standard","meta":{"_monsterinsights_skip_tracking":false,"_monsterinsights_sitenote_active":false,"_monsterinsights_sitenote_note":"","_monsterinsights_sitenote_category":0,"footnotes":"","_links_to":"","_links_to_target":""},"categories":[3283],"tags":[3178],"class_list":{"0":"post-82408","1":"post","2":"type-post","3":"status-publish","4":"format-standard","5":"has-post-thumbnail","7":"category-sin-categorizar","8":"tag-destacado-1"},"_links":{"self":[{"href":"https:\/\/www.lab.eus\/es\/wp-json\/wp\/v2\/posts\/82408","targetHints":{"allow":["GET"]}}],"collection":[{"href":"https:\/\/www.lab.eus\/es\/wp-json\/wp\/v2\/posts"}],"about":[{"href":"https:\/\/www.lab.eus\/es\/wp-json\/wp\/v2\/types\/post"}],"author":[{"embeddable":true,"href":"https:\/\/www.lab.eus\/es\/wp-json\/wp\/v2\/users\/1191"}],"replies":[{"embeddable":true,"href":"https:\/\/www.lab.eus\/es\/wp-json\/wp\/v2\/comments?post=82408"}],"version-history":[{"count":1,"href":"https:\/\/www.lab.eus\/es\/wp-json\/wp\/v2\/posts\/82408\/revisions"}],"predecessor-version":[{"id":82409,"href":"https:\/\/www.lab.eus\/es\/wp-json\/wp\/v2\/posts\/82408\/revisions\/82409"}],"wp:featuredmedia":[{"embeddable":true,"href":"https:\/\/www.lab.eus\/es\/wp-json\/wp\/v2\/media\/82411"}],"wp:attachment":[{"href":"https:\/\/www.lab.eus\/es\/wp-json\/wp\/v2\/media?parent=82408"}],"wp:term":[{"taxonomy":"category","embeddable":true,"href":"https:\/\/www.lab.eus\/es\/wp-json\/wp\/v2\/categories?post=82408"},{"taxonomy":"post_tag","embeddable":true,"href":"https:\/\/www.lab.eus\/es\/wp-json\/wp\/v2\/tags?post=82408"}],"curies":[{"name":"wp","href":"https:\/\/api.w.org\/{rel}","templated":true}]}}