{"id":82393,"date":"2025-07-21T07:58:22","date_gmt":"2025-07-21T07:58:22","guid":{"rendered":"https:\/\/www.lab.eus\/?p=82393"},"modified":"2025-07-21T07:58:26","modified_gmt":"2025-07-21T07:58:26","slug":"lab-firma-el-convenio-en-la-ute-de-limpieza-viaria-de-sestao-con-salarios-vinculados-al-ipc","status":"publish","type":"post","link":"https:\/\/www.lab.eus\/es\/lab-firma-el-convenio-en-la-ute-de-limpieza-viaria-de-sestao-con-salarios-vinculados-al-ipc\/","title":{"rendered":"LAB firma el convenio en la UTE de limpieza viaria de Sestao con salarios vinculados al IPC"},"content":{"rendered":"\n<p><strong>El pasado viernes 18 de julio, LAB firm\u00f3 el nuevo convenio colectivo del servicio de limpieza viaria en la UTE de Sestao, que abarcar\u00e1 el periodo 2025-2029.<\/strong><\/p>\n\n\n\n<p>Uno de los puntos m\u00e1s relevantes del acuerdo es la subida salarial vinculada al IPC real, un logro que garantiza que los salarios de la plantilla no pierdan poder adquisitivo frente a la inflaci\u00f3n.<\/p>\n\n\n\n<p>Este avance ha sido posible gracias a la lucha, movilizaci\u00f3n y las huelgas llevadas a cabo por las trabajadoras y trabajadores del servicio. La presi\u00f3n ejercida ha resultado clave para alcanzar este acuerdo.<\/p>\n\n\n\n<p>Adem\u00e1s, el nuevo convenio incluye actualizaciones en el r\u00e9gimen de licencias, respondiendo as\u00ed a las necesidades de conciliaci\u00f3n y derechos laborales.<\/p>\n\n\n\n<p>Desde LAB queremos destacar que la lucha merece la pena. Este acuerdo es fruto del compromiso colectivo y un paso m\u00e1s en la dignificaci\u00f3n del sector.<\/p>\n","protected":false},"excerpt":{"rendered":"<p>El pasado viernes 18 de julio, LAB firm\u00f3 el nuevo convenio colectivo del servicio de limpieza viaria en la UTE de Sestao, que abarcar\u00e1 el periodo 2025-2029. Uno de los puntos m\u00e1s relevantes del acuerdo es la subida salarial vinculada al IPC real, un logro que garantiza que los salarios de la plantilla no pierdan [&hellip;]<\/p>\n","protected":false},"author":1191,"featured_media":56847,"comment_status":"closed","ping_status":"closed","sticky":false,"template":"","format":"standard","meta":{"_monsterinsights_skip_tracking":false,"_monsterinsights_sitenote_active":false,"_monsterinsights_sitenote_note":"","_monsterinsights_sitenote_category":0,"footnotes":"","_links_to":"","_links_to_target":""},"categories":[18,2944,8],"tags":[3033,5321,5322,3172],"class_list":{"0":"post-82393","1":"post","2":"type-post","3":"status-publish","4":"format-standard","5":"has-post-thumbnail","7":"category-es-accion-sindical","8":"category-limpieza","9":"category-es-servicios-privados","10":"tag-accion-sindical-es","11":"tag-lortu-dugu-es","12":"tag-lortudugu-es","13":"tag-servicios-privados-es"},"_links":{"self":[{"href":"https:\/\/www.lab.eus\/es\/wp-json\/wp\/v2\/posts\/82393","targetHints":{"allow":["GET"]}}],"collection":[{"href":"https:\/\/www.lab.eus\/es\/wp-json\/wp\/v2\/posts"}],"about":[{"href":"https:\/\/www.lab.eus\/es\/wp-json\/wp\/v2\/types\/post"}],"author":[{"embeddable":true,"href":"https:\/\/www.lab.eus\/es\/wp-json\/wp\/v2\/users\/1191"}],"replies":[{"embeddable":true,"href":"https:\/\/www.lab.eus\/es\/wp-json\/wp\/v2\/comments?post=82393"}],"version-history":[{"count":2,"href":"https:\/\/www.lab.eus\/es\/wp-json\/wp\/v2\/posts\/82393\/revisions"}],"predecessor-version":[{"id":82396,"href":"https:\/\/www.lab.eus\/es\/wp-json\/wp\/v2\/posts\/82393\/revisions\/82396"}],"wp:featuredmedia":[{"embeddable":true,"href":"https:\/\/www.lab.eus\/es\/wp-json\/wp\/v2\/media\/56847"}],"wp:attachment":[{"href":"https:\/\/www.lab.eus\/es\/wp-json\/wp\/v2\/media?parent=82393"}],"wp:term":[{"taxonomy":"category","embeddable":true,"href":"https:\/\/www.lab.eus\/es\/wp-json\/wp\/v2\/categories?post=82393"},{"taxonomy":"post_tag","embeddable":true,"href":"https:\/\/www.lab.eus\/es\/wp-json\/wp\/v2\/tags?post=82393"}],"curies":[{"name":"wp","href":"https:\/\/api.w.org\/{rel}","templated":true}]}}