{"id":82148,"date":"2025-07-07T11:02:42","date_gmt":"2025-07-07T11:02:42","guid":{"rendered":"https:\/\/www.lab.eus\/?p=82148"},"modified":"2025-07-07T11:15:44","modified_gmt":"2025-07-07T11:15:44","slug":"lab-impulsara-en-otono-movilizaciones-e-iniciativas-para-responder-a-la-ofensiva-contra-el-euskera-y-dar-un-salto-en-laeuskaldunizacion-de-la-administracion","status":"publish","type":"post","link":"https:\/\/www.lab.eus\/es\/lab-impulsara-en-otono-movilizaciones-e-iniciativas-para-responder-a-la-ofensiva-contra-el-euskera-y-dar-un-salto-en-laeuskaldunizacion-de-la-administracion\/","title":{"rendered":"LAB impulsar\u00e1 en oto\u00f1o movilizaciones e iniciativas para responder a la ofensiva contra el euskera y dar un salto en la euskaldunizaci\u00f3n de la administraci\u00f3n"},"content":{"rendered":"\n<p><strong>Las instituciones han comenzado a implantar nuevas convocatorias de empleo con actitud preventiva, condicionadas por la amenaza de los tribunales. Ante ello, m\u00e1s all\u00e1 de responder a la ofensiva contra el euskera, es necesario modificar la legislaci\u00f3n para euskaldunizar la administraci\u00f3n, lo que requiere la activaci\u00f3n de la ciudadan\u00eda. LAB har\u00e1 su aportaci\u00f3n en ello.<\/strong><\/p>\n\n\n\n<p>La ofensiva pol\u00edtica, sindical y judicial contra la euskaldunizaci\u00f3n de la administraci\u00f3n de la CAV, iniciada hace 4 a\u00f1os, no ha cesado en los \u00faltimos meses. As\u00ed, este curso ha habido al menos 14 sentencias en contra de diversas convocatorias de empleo y leyes de la CAV y otras medidas de fomento del euskera. Es decir, m\u00e1s de una sentencia al mes: esa es la rechazable cadencia de los \u00faltimos tres o cuatro a\u00f1os de atentar sin descanso desde los juzgados contra los derechos ling\u00fc\u00edsticos.<\/p>\n\n\n\n<p>Todas estas sentencias pretenden obstaculizar la plena normalizaci\u00f3n del euskera en la administraci\u00f3n y, en la medida de lo posible, conformar una jurisprudencia que no tiene otro objetivo que el de remover hacia atr\u00e1s lo avanzado. Aunque para concurrir a todos los puestos de la administraci\u00f3n p\u00fablica es necesario conocer el castellano, las solicitudes de cualquier convocatoria de obras que pretendan equiparar los perfiles de euskera con los de castellano parecen ser \u201cexcesivas\u201d e \u201cimposiciones\u201d. Por medio de esa serie de sentencias los jueces est\u00e1n haciendo pol\u00edtica ling\u00fc\u00edstica, yendo m\u00e1s all\u00e1 de sus competencias; una pol\u00edtica ling\u00fc\u00edstica judicial glotocida contra el euskera y los derechos ling\u00fc\u00edsticos de los euskaldunes.<\/p>\n\n\n\n<p>En ese retorcimiento de argumentos, los sectores euskarafobos est\u00e1n planteando una falsa dicotom\u00eda entre los derechos ling\u00fc\u00edsticos y los derechos laborales, porque los derechos, si son derechos, no se pueden graduar. Reivindicar la vulneraci\u00f3n de unos derechos en beneficio de otros no es leg\u00edtimo ni aceptable, y es grave que ese sea el mensaje de personas y agentes que se consideran progresistas.<\/p>\n\n\n\n<p>Este curso es de destacar que tambi\u00e9n estamos empezando a conocer las consecuencias y efectos de la ofensiva contra el euskera. M\u00e1s all\u00e1 de la cuesti\u00f3n espec\u00edfica que analiza cada sentencia, esta larga sucesi\u00f3n de sentencias est\u00e1 imponiendo un estrecho cors\u00e9 al actual paradigma de la euskaldunizaci\u00f3n de la administraci\u00f3n, lo que ha llevado a las y los responsables institucionales a tener una actitud preventiva en las nuevas convocatorias de trabajo, conscientes de que el riesgo de ser recurridas es evidente, y con el temor de que, de producirse, la amenaza de recibir una sentencia en contra es casi segura. Es decir, las nuevas convocatorias de empleo y otras medidas relacionadas con la euskaldunizaci\u00f3n de la administraci\u00f3n no se est\u00e1n decidiendo, como hasta ahora, con la perspectiva de dar nuevos pasos en el proceso progresivo de alcanzar una administraci\u00f3n biling\u00fce (y siguiendo la voluntad mayoritaria de este pueblo), sino bajo la amenaza de recibir sanciones por parte de los tribunales. Todo ello no hace sino aumentar la hegemon\u00eda del castellano y perpetuar la situaci\u00f3n de subordinaci\u00f3n que vive el euskera.<\/p>\n\n\n\n<p>La ofensiva no cesar\u00e1, y esto se est\u00e1 produciendo en un momento crucial del proceso de normalizaci\u00f3n del euskera, ya que se est\u00e1 poniendo en cuesti\u00f3n todo el proceso de euskaldunizaci\u00f3n de la administraci\u00f3n. Por eso, no basta con hacer frente a la ofensiva y defender el actual modelo de euskaldunizaci\u00f3n de la administraci\u00f3n. LAB considera que hay que transformar el paradigma de euskaldunizaci\u00f3n de la administraci\u00f3n para dar el salto en este \u00e1mbito. El nuevo paradigma que defiende LAB va en la direcci\u00f3n de la propuesta de modificaci\u00f3n de la Ley de Empleo P\u00fablico presentada por EH Bildu. Solo mediante un cambio de ese tipo se le podr\u00e1 dar seguridad jur\u00eddica al proceso de euskaldunizaci\u00f3n de la administraci\u00f3n.<\/p>\n\n\n\n<p>Sin embargo, para la euskaldunizaci\u00f3n integral de la administraci\u00f3n no basta con la v\u00eda parlamentaria de modificar la ley. Este objetivo requiere la activaci\u00f3n y acumulaci\u00f3n de fuerzas de los agentes sindicales, de los agentes que trabajan a favor de la euskaldunizaci\u00f3n y de la ciudadan\u00eda en general. LAB considera que es necesaria una activaci\u00f3n y movilizaci\u00f3n del tama\u00f1o de la ofensiva que estamos sufriendo, no s\u00f3lo para frenar la ofensiva, sino para dar el salto en la euskaldunizaci\u00f3n de la administraci\u00f3n. As\u00ed, para contribuir a esta activaci\u00f3n, LAB llevar\u00e1 a cabo en oto\u00f1o una serie de movilizaciones e iniciativas.<\/p>\n","protected":false},"excerpt":{"rendered":"<p>Las instituciones han comenzado a implantar nuevas convocatorias de empleo con actitud preventiva, condicionadas por la amenaza de los tribunales. Ante ello, m\u00e1s all\u00e1 de responder a la ofensiva contra el euskera, es necesario modificar la legislaci\u00f3n para euskaldunizar la administraci\u00f3n, lo que requiere la activaci\u00f3n de la ciudadan\u00eda. LAB har\u00e1 su aportaci\u00f3n en ello.<\/p>\n","protected":false},"author":1191,"featured_media":82144,"comment_status":"closed","ping_status":"closed","sticky":false,"template":"","format":"standard","meta":{"_monsterinsights_skip_tracking":false,"_monsterinsights_sitenote_active":false,"_monsterinsights_sitenote_note":"","_monsterinsights_sitenote_category":0,"footnotes":"","_links_to":"","_links_to_target":""},"categories":[18,2867,3280,2973,6,3283],"tags":[3033,3178,3171],"class_list":{"0":"post-82148","1":"post","2":"type-post","3":"status-publish","4":"format-standard","5":"has-post-thumbnail","7":"category-es-accion-sindical","8":"category-federaciones","9":"category-secretaria-de-euskara","10":"category-secretarias","11":"category-es-servicios-publicos","12":"category-sin-categorizar","13":"tag-accion-sindical-es","14":"tag-destacado-1","15":"tag-servicios-publicos-es"},"_links":{"self":[{"href":"https:\/\/www.lab.eus\/es\/wp-json\/wp\/v2\/posts\/82148","targetHints":{"allow":["GET"]}}],"collection":[{"href":"https:\/\/www.lab.eus\/es\/wp-json\/wp\/v2\/posts"}],"about":[{"href":"https:\/\/www.lab.eus\/es\/wp-json\/wp\/v2\/types\/post"}],"author":[{"embeddable":true,"href":"https:\/\/www.lab.eus\/es\/wp-json\/wp\/v2\/users\/1191"}],"replies":[{"embeddable":true,"href":"https:\/\/www.lab.eus\/es\/wp-json\/wp\/v2\/comments?post=82148"}],"version-history":[{"count":2,"href":"https:\/\/www.lab.eus\/es\/wp-json\/wp\/v2\/posts\/82148\/revisions"}],"predecessor-version":[{"id":82151,"href":"https:\/\/www.lab.eus\/es\/wp-json\/wp\/v2\/posts\/82148\/revisions\/82151"}],"wp:featuredmedia":[{"embeddable":true,"href":"https:\/\/www.lab.eus\/es\/wp-json\/wp\/v2\/media\/82144"}],"wp:attachment":[{"href":"https:\/\/www.lab.eus\/es\/wp-json\/wp\/v2\/media?parent=82148"}],"wp:term":[{"taxonomy":"category","embeddable":true,"href":"https:\/\/www.lab.eus\/es\/wp-json\/wp\/v2\/categories?post=82148"},{"taxonomy":"post_tag","embeddable":true,"href":"https:\/\/www.lab.eus\/es\/wp-json\/wp\/v2\/tags?post=82148"}],"curies":[{"name":"wp","href":"https:\/\/api.w.org\/{rel}","templated":true}]}}