{"id":82135,"date":"2025-07-07T10:12:30","date_gmt":"2025-07-07T10:12:30","guid":{"rendered":"https:\/\/www.lab.eus\/?p=82135"},"modified":"2025-07-07T10:12:30","modified_gmt":"2025-07-07T10:12:30","slug":"lab-advierte-que-tasubinsa-quiere-hacer-pagar-las-consecuencias-del-cierre-de-bsh-a-toda-su-plantilla","status":"publish","type":"post","link":"https:\/\/www.lab.eus\/es\/lab-advierte-que-tasubinsa-quiere-hacer-pagar-las-consecuencias-del-cierre-de-bsh-a-toda-su-plantilla\/","title":{"rendered":"LAB advierte que Tasubinsa quiere hacer pagar las consecuencias del cierre de BSH a toda su plantilla"},"content":{"rendered":"\n<p><strong>El cierre de la f\u00e1brica BSH de Ezkirotz (Navarra) no solo va a afectar a sus 660 trabajadores y trabajadoras, sino tambi\u00e9n a las plantillas de las empresas auxiliares o de las que tienen alguna l\u00ednea de producci\u00f3n externalizada. Este \u00faltimo es el caso de Tasubinsa, un centro especial de empleo que tiene a unos cien empleados y empeadas trabajando para BSH. El sindicato LAB ha denunciado que Tasubinsa ha bloqueado la negociaci\u00f3n del convenio y que pretende congelar el salario de toda su plantilla.<\/strong><\/p>\n\n\n\n<p>Representantes de LAB en Tasubinsa han comparecido hoy en Pamplona para denunciar que la empresa est\u00e1 bloqueando deliberadamente las negociaciones sobre la negociaci\u00f3n del convenio de empresa \u2012aduciendo que no puede negociar por no estar en \u201cbuena situaci\u00f3n\u201d\u2012 y dilatando decisiones clave, lo cual genera incertidumbre entre la plantilla. Adem\u00e1s, estos y estas representantes han exigido que no se les haga pagar las consecuencias de una crisis que no han provocado, en referencia al cierre de la planta BSH de Ezkirotz de la cual una l\u00ednea de producci\u00f3n la realizan unos cien trabajadores y trabajadoras de Tasubinsa.<\/p>\n\n\n\n<p>Al parecer, Tasubinsa pretende congelar indefinidamente los salarios ya de por s\u00ed precarios de toda su plantilla. LAB exige a la direccion de Tasubinsa y al Gobierno de Navarra \u2012como gran financiador de la entidad\u2012 que se reabran inmediatamente las negociaciones que lleven a la consecuci\u00f3n de un convenio digno y que se respeten todos los derechos laborales. De no ser as\u00ed, los trabajadores y trabajadoras anuncian que se movilizar\u00e1n y realizar\u00e1n acciones p\u00fablicas para visibilizar su situaci\u00f3n y reclamar soluciones justas.&nbsp;<\/p>\n","protected":false},"excerpt":{"rendered":"<p>El cierre de la f\u00e1brica BSH de Ezkirotz (Navarra) no solo va a afectar a sus 660 trabajadores y trabajadoras, sino tambi\u00e9n a las plantillas de las empresas auxiliares o de las que tienen alguna l\u00ednea de producci\u00f3n externalizada. Este \u00faltimo es el caso de Tasubinsa, un centro especial de empleo que tiene a unos [&hellip;]<\/p>\n","protected":false},"author":1191,"featured_media":82133,"comment_status":"closed","ping_status":"closed","sticky":false,"template":"","format":"standard","meta":{"_monsterinsights_skip_tracking":false,"_monsterinsights_sitenote_active":false,"_monsterinsights_sitenote_note":"","_monsterinsights_sitenote_category":0,"footnotes":"","_links_to":"","_links_to_target":""},"categories":[18,2867,2868],"tags":[3028,3178,2980,2979],"class_list":{"0":"post-82135","1":"post","2":"type-post","3":"status-publish","4":"format-standard","5":"has-post-thumbnail","7":"category-es-accion-sindical","8":"category-federaciones","9":"category-industria-es","10":"tag-accion-sindical-2","11":"tag-destacado-1","12":"tag-federaciones","13":"tag-industria-2"},"_links":{"self":[{"href":"https:\/\/www.lab.eus\/es\/wp-json\/wp\/v2\/posts\/82135","targetHints":{"allow":["GET"]}}],"collection":[{"href":"https:\/\/www.lab.eus\/es\/wp-json\/wp\/v2\/posts"}],"about":[{"href":"https:\/\/www.lab.eus\/es\/wp-json\/wp\/v2\/types\/post"}],"author":[{"embeddable":true,"href":"https:\/\/www.lab.eus\/es\/wp-json\/wp\/v2\/users\/1191"}],"replies":[{"embeddable":true,"href":"https:\/\/www.lab.eus\/es\/wp-json\/wp\/v2\/comments?post=82135"}],"version-history":[{"count":1,"href":"https:\/\/www.lab.eus\/es\/wp-json\/wp\/v2\/posts\/82135\/revisions"}],"predecessor-version":[{"id":82136,"href":"https:\/\/www.lab.eus\/es\/wp-json\/wp\/v2\/posts\/82135\/revisions\/82136"}],"wp:featuredmedia":[{"embeddable":true,"href":"https:\/\/www.lab.eus\/es\/wp-json\/wp\/v2\/media\/82133"}],"wp:attachment":[{"href":"https:\/\/www.lab.eus\/es\/wp-json\/wp\/v2\/media?parent=82135"}],"wp:term":[{"taxonomy":"category","embeddable":true,"href":"https:\/\/www.lab.eus\/es\/wp-json\/wp\/v2\/categories?post=82135"},{"taxonomy":"post_tag","embeddable":true,"href":"https:\/\/www.lab.eus\/es\/wp-json\/wp\/v2\/tags?post=82135"}],"curies":[{"name":"wp","href":"https:\/\/api.w.org\/{rel}","templated":true}]}}