{"id":82065,"date":"2025-07-02T12:06:25","date_gmt":"2025-07-02T12:06:25","guid":{"rendered":"https:\/\/www.lab.eus\/?p=82065"},"modified":"2025-07-02T12:06:49","modified_gmt":"2025-07-02T12:06:49","slug":"las-y-los-trabajadores-de-la-empresa-man-de-ikaztegieta-en-huelga","status":"publish","type":"post","link":"https:\/\/www.lab.eus\/es\/las-y-los-trabajadores-de-la-empresa-man-de-ikaztegieta-en-huelga\/","title":{"rendered":"Las y los trabajadores de la empresa MAN de Ikaztegieta en huelga"},"content":{"rendered":"\n<p>Las y los trabajadores de la empresa MAN de Ikaztegieta estar\u00e1n en huelga hasta el 4 de julio, para exigir condiciones laborales dignas. La negociaci\u00f3n del convenio colectivo se ha interrumpido, y la asamblea de trabajadoras y trabajadores consider\u00f3 insuficiente la \u00faltima oferta de la empresa. Como resultado, decidieron iniciar la huelga.<\/p>\n\n\n\n<p>La empresa se dedica a la reparaci\u00f3n de camiones y autobuses, y pretend\u00eda obligar a algunas y algunos empleados a cumplir servicios m\u00ednimos, alegando que algunos autobuses est\u00e1n destinados al transporte p\u00fablico. Por el momento, el Departamento de Trabajo y Empleo del Gobierno Vasco no ha decretado dichos servicios m\u00ednimos, y LAB espera que se garantice el derecho de todas y todos los trabajadores a la huelga.<\/p>\n","protected":false},"excerpt":{"rendered":"<p>Las y los trabajadores de la empresa MAN de Ikaztegieta estar\u00e1n en huelga hasta el 4 de julio, para exigir condiciones laborales dignas. La negociaci\u00f3n del convenio colectivo se ha interrumpido, y la asamblea de trabajadoras y trabajadores consider\u00f3 insuficiente la \u00faltima oferta de la empresa. Como resultado, decidieron iniciar la huelga.<\/p>\n","protected":false},"author":1192,"featured_media":82063,"comment_status":"closed","ping_status":"closed","sticky":false,"template":"","format":"standard","meta":{"_monsterinsights_skip_tracking":false,"_monsterinsights_sitenote_active":false,"_monsterinsights_sitenote_note":"","_monsterinsights_sitenote_category":0,"footnotes":"","_links_to":"","_links_to_target":""},"categories":[18,108],"tags":[3033,3178,3064],"class_list":{"0":"post-82065","1":"post","2":"type-post","3":"status-publish","4":"format-standard","5":"has-post-thumbnail","7":"category-es-accion-sindical","8":"category-es-metal","9":"tag-accion-sindical-es","10":"tag-destacado-1","11":"tag-metal-es"},"_links":{"self":[{"href":"https:\/\/www.lab.eus\/es\/wp-json\/wp\/v2\/posts\/82065","targetHints":{"allow":["GET"]}}],"collection":[{"href":"https:\/\/www.lab.eus\/es\/wp-json\/wp\/v2\/posts"}],"about":[{"href":"https:\/\/www.lab.eus\/es\/wp-json\/wp\/v2\/types\/post"}],"author":[{"embeddable":true,"href":"https:\/\/www.lab.eus\/es\/wp-json\/wp\/v2\/users\/1192"}],"replies":[{"embeddable":true,"href":"https:\/\/www.lab.eus\/es\/wp-json\/wp\/v2\/comments?post=82065"}],"version-history":[{"count":2,"href":"https:\/\/www.lab.eus\/es\/wp-json\/wp\/v2\/posts\/82065\/revisions"}],"predecessor-version":[{"id":82067,"href":"https:\/\/www.lab.eus\/es\/wp-json\/wp\/v2\/posts\/82065\/revisions\/82067"}],"wp:featuredmedia":[{"embeddable":true,"href":"https:\/\/www.lab.eus\/es\/wp-json\/wp\/v2\/media\/82063"}],"wp:attachment":[{"href":"https:\/\/www.lab.eus\/es\/wp-json\/wp\/v2\/media?parent=82065"}],"wp:term":[{"taxonomy":"category","embeddable":true,"href":"https:\/\/www.lab.eus\/es\/wp-json\/wp\/v2\/categories?post=82065"},{"taxonomy":"post_tag","embeddable":true,"href":"https:\/\/www.lab.eus\/es\/wp-json\/wp\/v2\/tags?post=82065"}],"curies":[{"name":"wp","href":"https:\/\/api.w.org\/{rel}","templated":true}]}}