{"id":82042,"date":"2025-07-01T13:08:20","date_gmt":"2025-07-01T13:08:20","guid":{"rendered":"https:\/\/www.lab.eus\/?p=82042"},"modified":"2025-07-01T13:08:23","modified_gmt":"2025-07-01T13:08:23","slug":"lab-califica-que-sidenor-cese-sus-relaciones-comerciales-con-israel-como-un-exito-de-la-solidaridad-vasca-respecto-a-palestina","status":"publish","type":"post","link":"https:\/\/www.lab.eus\/es\/lab-califica-que-sidenor-cese-sus-relaciones-comerciales-con-israel-como-un-exito-de-la-solidaridad-vasca-respecto-a-palestina\/","title":{"rendered":"LAB califica que Sidenor cese sus relaciones comerciales con Israel como un \u00e9xito de la solidaridad vasca respecto a Palestina"},"content":{"rendered":"\n<p><strong>Hace unas semanas se supo que Sidenor manten\u00eda relaciones comerciales relacionadas con el ej\u00e9rcito israel\u00ed. Desde entonces, se han abierto diferentes v\u00edas para presionar a Sidenor, tanto en Euskal Herria como en el \u00e1mbito internacional, una presi\u00f3n que ha llevado a Sidenor a declarar hoy el cese de sus relaciones comerciales con Israel.<\/strong><\/p>\n\n\n\n<p>LAB manifiesta que se mantendr\u00e1 vigilante para que el anuncio de Sidenor se cumpla y llama a Confebask y CEN a secundar el ejemplo y suspender toda colaboraci\u00f3n con la maquinaria de guerra israel\u00ed. No permitir\u00e1 que se haga negocio a costa de un genocidio.<\/p>\n\n\n\n<p>El pasado 25 de junio, a iniciativa de LAB, se convoc\u00f3 una reuni\u00f3n extraordinaria del comit\u00e9 de empresa, tras la cual los sindicatos LAB, ELA y ESK pidieron expl\u00edcitamente a la empresa que aclarase si esa informaci\u00f3n era cierta y que se comprometiera a dejar de colaborar con cualquier empresa o entidad israel\u00ed involucrada en el genocidio de la poblaci\u00f3n palestina y la ocupaci\u00f3n de su territorio. A este llamado del comit\u00e9 de empresa se sumaron la Federaci\u00f3n Sindical Mundial, el Consejo Internacional de Trabajadores Portuarios (IDC) y finalmente el movimiento BDS junto con los sindicatos.<\/p>\n\n\n\n<p>Pruebas cre\u00edbles obtenidas a trav\u00e9s de documentaci\u00f3n aduanera, registros de autoridades portuarias e investigaciones period\u00edsticas demuestran que Sidenor hab\u00eda exportado m\u00e1s de 1.200 toneladas de acero de grado militar a Israel Military Industries (IMI Systems) desde agosto de 2024. El \u00faltimo env\u00edo, con destino a Haifa, v\u00eda el buque operado por ZIM Luanda, est\u00e1 programado para partir del Puerto de Barcelona el 1 de julio. IMI Systems es un actor central del complejo militar-industrial israel\u00ed y es directamente responsable de la producci\u00f3n de municiones pesadas, incluyendo artiller\u00eda y sistemas blindados desplegados en zonas densamente pobladas de Gaza y Cisjordania.<\/p>\n\n\n\n<p>Este apoyo material se estaba proporcionando en el contexto de los hallazgos de la Corte Internacional de Justicia (CIJ) en el caso Sud\u00e1frica contra Israel, en el cual la Corte, en sus \u00d3rdenes de Medidas Provisionales de 26 de enero, 28 de marzo y 24 de mayo de 2024, determin\u00f3 que existe una base plausible para considerar que Israel est\u00e1 cometiendo actos que constituyen genocidio seg\u00fan la Convenci\u00f3n para la Prevenci\u00f3n y la Sanci\u00f3n del Delito de Genocidio de 1948. Conviene remarcar tambi\u00e9n que seg\u00fan Art\u00edculo 25(3)(c) del Estatuto de Roma de la Corte Penal Internacional, cualquier persona f\u00edsica o jur\u00eddica que ayude, instigue o colabore de otro modo en la comisi\u00f3n de un crimen \u2014incluso mediante la provisi\u00f3n de medios para su comisi\u00f3n\u2014 puede ser considerada penalmente responsable..<\/p>\n\n\n\n<p><\/p>\n","protected":false},"excerpt":{"rendered":"<p>Hace unas semanas se supo que Sidenor manten\u00eda relaciones comerciales relacionadas con el ej\u00e9rcito israel\u00ed. Desde entonces, se han abierto diferentes v\u00edas para presionar a Sidenor, tanto en Euskal Herria como en el \u00e1mbito internacional, una presi\u00f3n que ha llevado a Sidenor a declarar hoy el cese de sus relaciones comerciales con Israel. LAB manifiesta [&hellip;]<\/p>\n","protected":false},"author":1191,"featured_media":82038,"comment_status":"closed","ping_status":"closed","sticky":false,"template":"","format":"standard","meta":{"_monsterinsights_skip_tracking":false,"_monsterinsights_sitenote_active":false,"_monsterinsights_sitenote_note":"","_monsterinsights_sitenote_category":0,"footnotes":"","_links_to":"","_links_to_target":""},"categories":[18,2867,2868,108,4,2973],"tags":[3033,3178,3066,2996,3019,3064,3193,3712,3024,3351],"class_list":{"0":"post-82042","1":"post","2":"type-post","3":"status-publish","4":"format-standard","5":"has-post-thumbnail","7":"category-es-accion-sindical","8":"category-federaciones","9":"category-industria-es","10":"category-es-metal","11":"category-es-internacional","12":"category-secretarias","13":"tag-accion-sindical-es","14":"tag-destacado-1","15":"tag-federaciones-es","16":"tag-industria-es","17":"tag-internacional","18":"tag-metal-es","19":"tag-palestina-es","20":"tag-secretaria-internacional","21":"tag-secretarias","22":"tag-sidenor-es"},"_links":{"self":[{"href":"https:\/\/www.lab.eus\/es\/wp-json\/wp\/v2\/posts\/82042","targetHints":{"allow":["GET"]}}],"collection":[{"href":"https:\/\/www.lab.eus\/es\/wp-json\/wp\/v2\/posts"}],"about":[{"href":"https:\/\/www.lab.eus\/es\/wp-json\/wp\/v2\/types\/post"}],"author":[{"embeddable":true,"href":"https:\/\/www.lab.eus\/es\/wp-json\/wp\/v2\/users\/1191"}],"replies":[{"embeddable":true,"href":"https:\/\/www.lab.eus\/es\/wp-json\/wp\/v2\/comments?post=82042"}],"version-history":[{"count":1,"href":"https:\/\/www.lab.eus\/es\/wp-json\/wp\/v2\/posts\/82042\/revisions"}],"predecessor-version":[{"id":82043,"href":"https:\/\/www.lab.eus\/es\/wp-json\/wp\/v2\/posts\/82042\/revisions\/82043"}],"wp:featuredmedia":[{"embeddable":true,"href":"https:\/\/www.lab.eus\/es\/wp-json\/wp\/v2\/media\/82038"}],"wp:attachment":[{"href":"https:\/\/www.lab.eus\/es\/wp-json\/wp\/v2\/media?parent=82042"}],"wp:term":[{"taxonomy":"category","embeddable":true,"href":"https:\/\/www.lab.eus\/es\/wp-json\/wp\/v2\/categories?post=82042"},{"taxonomy":"post_tag","embeddable":true,"href":"https:\/\/www.lab.eus\/es\/wp-json\/wp\/v2\/tags?post=82042"}],"curies":[{"name":"wp","href":"https:\/\/api.w.org\/{rel}","templated":true}]}}