{"id":82008,"date":"2025-07-01T10:21:29","date_gmt":"2025-07-01T10:21:29","guid":{"rendered":"https:\/\/www.lab.eus\/?p=82008"},"modified":"2025-07-01T10:41:52","modified_gmt":"2025-07-01T10:41:52","slug":"lab-aterriza-en-hego-euskal-herria-la-campana-favor-de-la-regularizacion-de-riders","status":"publish","type":"post","link":"https:\/\/www.lab.eus\/es\/lab-aterriza-en-hego-euskal-herria-la-campana-favor-de-la-regularizacion-de-riders\/","title":{"rendered":"LAB aterriza en Hego Euskal Herria la campa\u00f1a por la regularizaci\u00f3n de riders"},"content":{"rendered":"\n<p><strong>Se ha puesto en marcha una iniciativa que busca v\u00edas de regularizaci\u00f3n administrativa para las personas que han estado trabajando en Glovo y Uber Eats mediante cuentas compartidas, junto a otros sindicatos de la plataforma sindical RidersxDerechos. Es preciso que el proceso de laboralizaci\u00f3n que anuncian Glovo y Uber Eats ampare a todas las personas que han estado realizando este trabajo de forma efectiva independientemente de su situaci\u00f3n administrativa.<\/strong><\/p>\n\n\n\n<p>Para regularizar a los trabajadores que han trabajado a trav\u00e9s de cuentas compartidas, el sindicato ha puesto en marcha una campa\u00f1a junto con otros sindicatos de la plataforma RidersxDerechos. La campa\u00f1a pretende que el proceso de laboralizaci\u00f3n proteja a todo el personal, independientemente de su situaci\u00f3n administrativa.<\/p>\n\n\n\n<p>Se ha puesto en marcha una iniciativa que busca v\u00edas de regularizaci\u00f3n administrativa para las personas que han estado trabajando en Glovo y Uber Eats mediante cuentas compartidas. La plataforma sindical RidersxDerechos, en colaboraci\u00f3n con los sindicatos LAB y IAC, el Observatorio TAS, la agencia de comunicaci\u00f3n turba! y el cineasta Luis Creo, se unen para lanzar la campa\u00f1a RidersxRegularizaci\u00f3n.<\/p>\n\n\n\n<p>En Hego Euskal Herria ser\u00e1 LAB quien asuma el desarrollo de la campa\u00f1a. Las empresas de reparto mediante plataforma que han optado desde el inicio en desafiar todas las leyes laborales eran perfectamente conscientes de que miles de sus trabajadores no contaban con autorizaci\u00f3n administrativa. No solo eran conscientes, sino que han sustentado su modelo en esta realidad, que les ha permitido exprimir m\u00e1s a quien mayor necesidad ha tenido.<\/p>\n\n\n\n<p>En consecuencia, adem\u00e1s de organizarnos frente a los incumplimientos de Glovo en el momento de pasar de aut\u00f3nomos a trabajadoras y trabajadores por cuenta ajena, donde no se est\u00e1n respetando ni la antig\u00fcedad, ni el porcentaje de jornada, ni el convenio colectivo de aplicaci\u00f3n, lo que nos obliga a comunicar individualmente las condiciones con las que las y los trabajadores habr\u00edan de suscribir su contrato y a registrar demandas por vulneraci\u00f3n de derecho fundamental y cantidades, ahora, es preciso organizarse tambi\u00e9n para defender los derechos de todas aquellas personas que van a quedar al margen.<\/p>\n\n\n\n<p>Por eso, y porque es justicia y ley, es preciso que el proceso de laboralizaci\u00f3n que anuncian Glovo y Uber Eats ampare a todas las personas que han estado realizando este trabajo de forma efectiva independientemente de su situaci\u00f3n administrativa. As\u00ed mismo es preciso regularizar la situaci\u00f3n administrativa mediante el reconocimiento de los periodos trabajados.<\/p>\n\n\n\n<p>Con ese fin se ha dispuesto una pagina web: <a href=\"https:\/\/observa-tas.org\/riders-x-regularizacion\/\" data-type=\"link\" data-id=\"https:\/\/observa-tas.org\/riders-x-regularizacion\/\">observa-tas.org\/riders-x-regularizacion\/<\/a>. En ella, de forma an\u00f3nima y sin compromisos, se plantean una bateria de preguntas que nos ayudaran a ordenar la casu\u00edstica para poderla abordar de manera m\u00e1s efectiva con la intenci\u00f3n de organizar y acompa\u00f1ar a las y los trabajadores que as\u00ed lo decidan.<\/p>\n","protected":false},"excerpt":{"rendered":"<p>Se ha puesto en marcha una iniciativa que busca v\u00edas de regularizaci\u00f3n administrativa para las personas que han estado trabajando en Glovo y Uber Eats mediante cuentas compartidas, junto a otros sindicatos de la plataforma sindical RidersxDerechos. Es preciso que el proceso de laboralizaci\u00f3n que anuncian Glovo y Uber Eats ampare a todas las personas que han estado realizando este trabajo de forma efectiva independientemente de su situaci\u00f3n administrativa.<\/p>\n","protected":false},"author":1191,"featured_media":82009,"comment_status":"closed","ping_status":"closed","sticky":false,"template":"","format":"standard","meta":{"_monsterinsights_skip_tracking":false,"_monsterinsights_sitenote_active":false,"_monsterinsights_sitenote_note":"","_monsterinsights_sitenote_category":0,"footnotes":"","_links_to":"","_links_to_target":""},"categories":[17,139,7],"tags":[1299,3029,546],"class_list":{"0":"post-82008","1":"post","2":"type-post","3":"status-publish","4":"format-standard","5":"has-post-thumbnail","7":"category-ekintza-sindikala","8":"category-federazioak","9":"category-zerbitzu-pribatuak","10":"tag-ekintza-sindikala","11":"tag-nabarmendua-1","12":"tag-zerbitzu-pribatuak"},"_links":{"self":[{"href":"https:\/\/www.lab.eus\/es\/wp-json\/wp\/v2\/posts\/82008","targetHints":{"allow":["GET"]}}],"collection":[{"href":"https:\/\/www.lab.eus\/es\/wp-json\/wp\/v2\/posts"}],"about":[{"href":"https:\/\/www.lab.eus\/es\/wp-json\/wp\/v2\/types\/post"}],"author":[{"embeddable":true,"href":"https:\/\/www.lab.eus\/es\/wp-json\/wp\/v2\/users\/1191"}],"replies":[{"embeddable":true,"href":"https:\/\/www.lab.eus\/es\/wp-json\/wp\/v2\/comments?post=82008"}],"version-history":[{"count":3,"href":"https:\/\/www.lab.eus\/es\/wp-json\/wp\/v2\/posts\/82008\/revisions"}],"predecessor-version":[{"id":82017,"href":"https:\/\/www.lab.eus\/es\/wp-json\/wp\/v2\/posts\/82008\/revisions\/82017"}],"wp:featuredmedia":[{"embeddable":true,"href":"https:\/\/www.lab.eus\/es\/wp-json\/wp\/v2\/media\/82009"}],"wp:attachment":[{"href":"https:\/\/www.lab.eus\/es\/wp-json\/wp\/v2\/media?parent=82008"}],"wp:term":[{"taxonomy":"category","embeddable":true,"href":"https:\/\/www.lab.eus\/es\/wp-json\/wp\/v2\/categories?post=82008"},{"taxonomy":"post_tag","embeddable":true,"href":"https:\/\/www.lab.eus\/es\/wp-json\/wp\/v2\/tags?post=82008"}],"curies":[{"name":"wp","href":"https:\/\/api.w.org\/{rel}","templated":true}]}}