{"id":81963,"date":"2025-06-27T10:50:50","date_gmt":"2025-06-27T10:50:50","guid":{"rendered":"https:\/\/www.lab.eus\/?p=81963"},"modified":"2025-06-27T10:56:08","modified_gmt":"2025-06-27T10:56:08","slug":"la-diputada-de-cultura-y-deportes-de-araba-y-el-director-gerente-del-instituto-foral-de-la-juventud-no-han-adquirido-ni-mucho-menos-firmado-compromisos-que-puedan-llevar-a-una-resolucion-del-conflic","status":"publish","type":"post","link":"https:\/\/www.lab.eus\/es\/la-diputada-de-cultura-y-deportes-de-araba-y-el-director-gerente-del-instituto-foral-de-la-juventud-no-han-adquirido-ni-mucho-menos-firmado-compromisos-que-puedan-llevar-a-una-resolucion-del-conflic\/","title":{"rendered":"La diputada de Cultura y Deportes y el director-gerente no han adquirido, ni mucho menos firmado, compromisos que puedan llevar a una resoluci\u00f3n del conflicto en el Instituto Foral de la Juventud de Araba"},"content":{"rendered":"\n<p><strong>En respuesta a la nota de <\/strong><strong>enviada<\/strong><strong> por la direcci\u00f3n-gerencia del Instituto Foral de la Juventud <\/strong><strong>(IFJ)<\/strong><strong> de Araba, LAB, sindicato que ostenta la representaci\u00f3n de las y los trabajadores de este \u00faltimo, recuerda que no<\/strong><strong> existe ni compromiso ni acuerdo para mantener una dotaci\u00f3n suficiente de los programas Ikasgelak y Lurrikara. Adem<\/strong><strong>\u00e1s, se\u00f1ala<\/strong><strong> que no se han recuperado las 60 plazas recortadas del programa Udaraban para ni\u00f1os, ni\u00f1as y j\u00f3venes, <\/strong><strong>algo que tambi<\/strong><strong>\u00e9n reclamaba<\/strong><strong>.<\/strong><\/p>\n\n\n\n<p>LAB a\u00f1ade que no existe ning\u00fan compromiso ni acuerdo firmado para parar la destrucci\u00f3n de empleo por amortizar plazas anuales para convertirlas en fijas discontinuas. Y adem\u00e1s, se\u00f1ala que no se ha cumplido el compromiso firmado hace ya m\u00e1s de dos a\u00f1os en acta por la direcci\u00f3n -gerencia y ratificado en Juntas Generales por la Diputada de Cultura y Deportes para crear una plaza de cocinero o cocinera en el albergue de Barria.<\/p>\n\n\n\n<p>El \u00fanico acuerdo hasta la fecha recogido en acta, que contempla la cobertura del 100% en el caso de bajas, aplicado en la Diputaci\u00f3n Foral y organismos dependientes desde hace m\u00e1s de 2 a\u00f1os, sigue \u00aben v\u00edas de tramitaci\u00f3n\u00bb.<\/p>\n\n\n\n<p>La compensaci\u00f3n por trabajo en fines de semana y festivos, que est\u00e1 por debajo de lo que marca la legislaci\u00f3n laboral, sigue sin concretarse y no hay ning\u00fan acuerdo sobre la propuesta remitida en diferentes ocasiones.<\/p>\n\n\n\n<p>Adem\u00e1s, el resto de art\u00edculos que la Direcci\u00f3n\/Gerencia del IFJ se\u00f1ala en su \u00faltima nota de prensa no est\u00e1n recogidos en acta firmada.<\/p>\n\n\n\n<p>Siendo as\u00ed, LAB considera que hay motivos m\u00e1s que suficientes para la convocatoria de huelga del d\u00eda 1 de julio y posibles movilizaciones posteriores. La plantilla es la primera interesada en resolver el conflicto, pero tambi\u00e9n sabe que s\u00f3lo se puede conseguir mediante un acuerdo firmado con compromisos reales. Adem\u00e1s, es consciente que esta huelga, y las posibles movilizaciones posteriores, pueden tener afectaci\u00f3n real sobre el desarrollo de las colonias o \u201cudalekuak\u201d.<\/p>\n\n\n\n<p>Por ello, anima a la ciudadan\u00eda a compartir y apoyar las reivindicaciones de las y los trabajadores por un IFJ en el que la oferta a ni\u00f1os, ni\u00f1as y j\u00f3venes y los derechos de las personas trabajadoras sean prioritarios.<\/p>\n\n\n\n<p>Mantiene la convocatoria de huelga del 1 de julio. Ese d\u00eda, realizar\u00e1 una concentraci\u00f3n y una rueda de prensa a las 9:30 en la estaci\u00f3n de autobuses de Gasteiz.<\/p>\n","protected":false},"excerpt":{"rendered":"<p>En respuesta a la nota de enviada por la direcci\u00f3n-gerencia del Instituto Foral de la Juventud (IFJ) de Araba, LAB, sindicato que ostenta la representaci\u00f3n de las y los trabajadores de este \u00faltimo, recuerda que no existe ni compromiso ni acuerdo para mantener una dotaci\u00f3n suficiente de los programas Ikasgelak y Lurrikara. Adem\u00e1s, se\u00f1ala que [&hellip;]<\/p>\n","protected":false},"author":1191,"featured_media":81556,"comment_status":"closed","ping_status":"closed","sticky":false,"template":"","format":"standard","meta":{"_monsterinsights_skip_tracking":false,"_monsterinsights_sitenote_active":false,"_monsterinsights_sitenote_note":"","_monsterinsights_sitenote_category":0,"footnotes":"","_links_to":"","_links_to_target":""},"categories":[18,2867,6],"tags":[3033,3178,3066,3171],"class_list":{"0":"post-81963","1":"post","2":"type-post","3":"status-publish","4":"format-standard","5":"has-post-thumbnail","7":"category-es-accion-sindical","8":"category-federaciones","9":"category-es-servicios-publicos","10":"tag-accion-sindical-es","11":"tag-destacado-1","12":"tag-federaciones-es","13":"tag-servicios-publicos-es"},"_links":{"self":[{"href":"https:\/\/www.lab.eus\/es\/wp-json\/wp\/v2\/posts\/81963","targetHints":{"allow":["GET"]}}],"collection":[{"href":"https:\/\/www.lab.eus\/es\/wp-json\/wp\/v2\/posts"}],"about":[{"href":"https:\/\/www.lab.eus\/es\/wp-json\/wp\/v2\/types\/post"}],"author":[{"embeddable":true,"href":"https:\/\/www.lab.eus\/es\/wp-json\/wp\/v2\/users\/1191"}],"replies":[{"embeddable":true,"href":"https:\/\/www.lab.eus\/es\/wp-json\/wp\/v2\/comments?post=81963"}],"version-history":[{"count":2,"href":"https:\/\/www.lab.eus\/es\/wp-json\/wp\/v2\/posts\/81963\/revisions"}],"predecessor-version":[{"id":81965,"href":"https:\/\/www.lab.eus\/es\/wp-json\/wp\/v2\/posts\/81963\/revisions\/81965"}],"wp:featuredmedia":[{"embeddable":true,"href":"https:\/\/www.lab.eus\/es\/wp-json\/wp\/v2\/media\/81556"}],"wp:attachment":[{"href":"https:\/\/www.lab.eus\/es\/wp-json\/wp\/v2\/media?parent=81963"}],"wp:term":[{"taxonomy":"category","embeddable":true,"href":"https:\/\/www.lab.eus\/es\/wp-json\/wp\/v2\/categories?post=81963"},{"taxonomy":"post_tag","embeddable":true,"href":"https:\/\/www.lab.eus\/es\/wp-json\/wp\/v2\/tags?post=81963"}],"curies":[{"name":"wp","href":"https:\/\/api.w.org\/{rel}","templated":true}]}}