{"id":81919,"date":"2025-06-26T09:53:13","date_gmt":"2025-06-26T09:53:13","guid":{"rendered":"https:\/\/www.lab.eus\/?p=81919"},"modified":"2025-06-26T09:56:05","modified_gmt":"2025-06-26T09:56:05","slug":"lab-no-estara-en-el-pacto-de-salud-de-la-cav","status":"publish","type":"post","link":"https:\/\/www.lab.eus\/es\/lab-no-estara-en-el-pacto-de-salud-de-la-cav\/","title":{"rendered":"LAB no estar\u00e1 en el Pacto de Salud de la CAV"},"content":{"rendered":"\n<p><strong>El gobierno no garantiza que el sistema sanitario se ofrecer\u00e1 con recursos p\u00fablicos y propios, y mantiene la dependencia respecto al sector privado.<\/strong><\/p>\n\n\n\n<p>En nuestro pa\u00eds existe un fuerte impulso a favor del sistema p\u00fablico de salud, y mejorar la situaci\u00f3n de Osakidetza est\u00e1 entre las principales preocupaciones de la sociedad. El gobierno del lehendakari Pradales es perfectamente consciente de ello, y consciente tambi\u00e9n de que el deterioro y la mala gesti\u00f3n de Osakidetza, as\u00ed como la presi\u00f3n social existente, le pod\u00edan generar un desgaste. Por eso, opt\u00f3 por crear la Mesa de Salud.<\/p>\n\n\n\n<p>La constituci\u00f3n de la mesa, aunque positiva, fue algo forzado e interesado. No fue pensado para transformar Osakidetza, tampoco para construir consensos. El objetivo principal de la mesa era mantener el modelo actual, aceptando los menores cambios posibles. Esto ha sido as\u00ed porque tienen un problema. El gobierno sabe que manteniendo las mismas pol\u00edticas que hasta ahora no se puede reforzar, mejorar y garantizar la eficiencia del sistema p\u00fablico de salud. Pero al mismo tiempo, no quieren cambiar esas pol\u00edticas porque quieren mantener el negocio privado. Y esta apuesta privatizadora dificulta que el sistema sanitario p\u00fablico sea gratuito, universal y de calidad, adem\u00e1s de aumentar las brechas sociales.<\/p>\n\n\n\n<p>Gracias al trabajo que han realizado LAB y otros agentes en la Mesa de Salud, se ha conseguido incorporar diferentes medidas para mejorar los servicios sanitarios y la situaci\u00f3n del personal. El trabajo ha sido intenso y LAB valora muy positivamente el trabajo realizado.<\/p>\n\n\n\n<div data-wp-interactive=\"core\/file\" class=\"wp-block-file\"><object data-wp-bind--hidden=\"!state.hasPdfPreview\" hidden class=\"wp-block-file__embed\" data=\"https:\/\/www.lab.eus\/wp-content\/uploads\/2025\/06\/LAB_Trayectoria-y-logos-del-sindicato-en-la-Mesa-de-Salud.pdf\" type=\"application\/pdf\" style=\"width:100%;height:600px\" aria-label=\"Incrustado de LAB_Trayectoria y logos del sindicato en la Mesa de Salud.\"><\/object><a id=\"wp-block-file--media-e16435cf-f4bd-487d-a312-329240171661\" href=\"https:\/\/www.lab.eus\/wp-content\/uploads\/2025\/06\/LAB_Trayectoria-y-logos-del-sindicato-en-la-Mesa-de-Salud.pdf\">LAB_Trayectoria y logos del sindicato en la Mesa de Salud<\/a><a href=\"https:\/\/www.lab.eus\/wp-content\/uploads\/2025\/06\/LAB_Trayectoria-y-logos-del-sindicato-en-la-Mesa-de-Salud.pdf\" class=\"wp-block-file__button wp-element-button\" download aria-describedby=\"wp-block-file--media-e16435cf-f4bd-487d-a312-329240171661\">Deskargatu<\/a><\/div>\n\n\n\n<p>Poner l\u00edmites a la privatizaci\u00f3n y a las pol\u00edticas de concertaci\u00f3n ha sido una l\u00ednea roja para LAB. A lo largo de todo el proceso, ha manifestado que su presencia en el Pacto de Salud depend\u00eda de las decisiones adoptadas en esta cuesti\u00f3n. LAB ha conseguido introducir mejoras. Aunque las mejoras parciales son bienvenidas, no ha habido ninguna posibilidad para abordar el cambio profundo de pol\u00edticas que requiere Osakidetza. Por ello, LAB no acudir\u00e1 a la reuni\u00f3n de ma\u00f1ana y no va a firmar el Pacto de Salud.<\/p>\n\n\n\n<p>Esta ha sido la principal raz\u00f3n por la que LAB se ha quedado fuera del Pacto de Salud. Para fortalecer el sistema p\u00fablico de salud y transformar Osakidetza, hay una decisi\u00f3n pol\u00edtica que prevalece sobre todas las dem\u00e1s: hay que dejar de lado las pol\u00edticas privatizadoras llevadas a cabo hasta ahora, y la dependencia del sector privado debe ser excepcional, justificada y temporal. La apuesta por un sistema p\u00fablico de salud con recursos p\u00fablicos y propios requiere compromisos firmes, lo que no ha quedado suficientemente asegurado en la Mesa de Salud.<\/p>\n\n\n\n<p>En cuanto a la colaboraci\u00f3n p\u00fablico-privada, ha quedado en evidencia que dos modelos antag\u00f3nicos han estado enfrentados en la mesa:<\/p>\n\n\n\n<ul class=\"wp-block-list\">\n<li>Por un lado, quienes han apostado por reforzar lo p\u00fablico: siete agentes sindicales y pol\u00edticos. Participaron en la mesa, acordaron y votaron un texto. A este consenso se sumaron, luego, otros dos agentes.<br><\/li>\n\n\n\n<li>En el otro lado, quienes anteponen el negocio privado por encima de mejorar lo p\u00fablico: PNV, PSE, PP y Confebask, junto a otros agentes que velan por sus intereses privados.<\/li>\n<\/ul>\n\n\n\n<p>Es el momento de reforzar lo p\u00fablico, de dejar constancia de que se apuesta claramente por lo p\u00fablico. Estos son los compromisos que ha exigido LAB y que no se han querido reflejar:<\/p>\n\n\n\n<ul class=\"wp-block-list\">\n<li>Invertir m\u00e1s dinero en Osakidetza.<\/li>\n\n\n\n<li>Recoger la necesidad y la decisi\u00f3n de reducir la dependencia con el \u00e1mbito privado. Recurrir a lo privado tiene que ser algo excepcional, justificado y limitado en el tiempo.<\/li>\n\n\n\n<li>Elaboraci\u00f3n de un mapa de la privatizaci\u00f3n y concertaci\u00f3n y con ese mapa, hacer un plan de publificaci\u00f3n, estableciendo plazos.<\/li>\n\n\n\n<li>Recoger la exclusividad de las y los profesionales.<\/li>\n<\/ul>\n\n\n\n<p>Pero, lejos de asegurar el derecho a una sanidad de calidad y gratuita para las y los ciudadanos, los intereses privados del lobby privatizador han estado en el centro. Han optado por seguir sin abordar el cambio de fondo que requiere la situaci\u00f3n de declive que vive Osakidetza. Pretenden darle una peque\u00f1a capa de pintura y dar una imagen renovada, pero LAB no va a avalar esa operaci\u00f3n.<\/p>\n\n\n\n<p>Con o sin pacto, ma\u00f1ana no se acaba nada. LAB seguir\u00e1 denunciando y paralizando todos los procesos de privatizaci\u00f3n posibles, denunciando la externalizaci\u00f3n de trabajos, las irregularidades en adjudicaciones de obra o externalizaciones de otros trabajos.<\/p>\n\n\n\n<p>Asimismo, LAB seguir\u00e1 haciendo propuestas en la Mesa Sectorial y buscando consensos para la movilizaci\u00f3n con otros sindicatos, as\u00ed como colaborando y moviliz\u00e1ndose junto a las plataformas por la salud p\u00fablica, porque este pa\u00eds necesita un sistema p\u00fablico fuerte de salud.<\/p>\n\n\n\n<figure class=\"wp-block-gallery has-nested-images columns-default is-cropped wp-block-gallery-1 is-layout-flex wp-block-gallery-is-layout-flex\">\n<figure class=\"wp-block-image size-large\"><img loading=\"lazy\" decoding=\"async\" width=\"1024\" height=\"683\" data-id=\"81941\" src=\"https:\/\/www.lab.eus\/wp-content\/uploads\/2025\/06\/IMG_9682-1024x683.jpg\" alt=\"\" class=\"wp-image-81941\" srcset=\"https:\/\/www.lab.eus\/wp-content\/uploads\/2025\/06\/IMG_9682-1024x683.jpg 1024w, https:\/\/www.lab.eus\/wp-content\/uploads\/2025\/06\/IMG_9682-300x200.jpg 300w, https:\/\/www.lab.eus\/wp-content\/uploads\/2025\/06\/IMG_9682-768x512.jpg 768w, https:\/\/www.lab.eus\/wp-content\/uploads\/2025\/06\/IMG_9682-1536x1024.jpg 1536w, https:\/\/www.lab.eus\/wp-content\/uploads\/2025\/06\/IMG_9682-2048x1365.jpg 2048w, https:\/\/www.lab.eus\/wp-content\/uploads\/2025\/06\/IMG_9682-630x420.jpg 630w, https:\/\/www.lab.eus\/wp-content\/uploads\/2025\/06\/IMG_9682-150x100.jpg 150w, https:\/\/www.lab.eus\/wp-content\/uploads\/2025\/06\/IMG_9682-696x464.jpg 696w, https:\/\/www.lab.eus\/wp-content\/uploads\/2025\/06\/IMG_9682-1068x712.jpg 1068w, https:\/\/www.lab.eus\/wp-content\/uploads\/2025\/06\/IMG_9682-1920x1280.jpg 1920w\" sizes=\"auto, (max-width: 1024px) 100vw, 1024px\" \/><\/figure>\n\n\n\n<figure class=\"wp-block-image size-large\"><img loading=\"lazy\" decoding=\"async\" width=\"1024\" height=\"683\" data-id=\"81939\" src=\"https:\/\/www.lab.eus\/wp-content\/uploads\/2025\/06\/IMG_9636-1024x683.jpg\" alt=\"\" class=\"wp-image-81939\" srcset=\"https:\/\/www.lab.eus\/wp-content\/uploads\/2025\/06\/IMG_9636-1024x683.jpg 1024w, https:\/\/www.lab.eus\/wp-content\/uploads\/2025\/06\/IMG_9636-300x200.jpg 300w, https:\/\/www.lab.eus\/wp-content\/uploads\/2025\/06\/IMG_9636-768x512.jpg 768w, https:\/\/www.lab.eus\/wp-content\/uploads\/2025\/06\/IMG_9636-1536x1024.jpg 1536w, https:\/\/www.lab.eus\/wp-content\/uploads\/2025\/06\/IMG_9636-2048x1365.jpg 2048w, https:\/\/www.lab.eus\/wp-content\/uploads\/2025\/06\/IMG_9636-630x420.jpg 630w, https:\/\/www.lab.eus\/wp-content\/uploads\/2025\/06\/IMG_9636-150x100.jpg 150w, https:\/\/www.lab.eus\/wp-content\/uploads\/2025\/06\/IMG_9636-696x464.jpg 696w, https:\/\/www.lab.eus\/wp-content\/uploads\/2025\/06\/IMG_9636-1068x712.jpg 1068w, https:\/\/www.lab.eus\/wp-content\/uploads\/2025\/06\/IMG_9636-1920x1280.jpg 1920w\" sizes=\"auto, (max-width: 1024px) 100vw, 1024px\" \/><\/figure>\n\n\n\n<figure class=\"wp-block-image size-large\"><img loading=\"lazy\" decoding=\"async\" width=\"1024\" height=\"683\" data-id=\"81937\" src=\"https:\/\/www.lab.eus\/wp-content\/uploads\/2025\/06\/01_-1024x683.jpg\" alt=\"\" class=\"wp-image-81937\" srcset=\"https:\/\/www.lab.eus\/wp-content\/uploads\/2025\/06\/01_-1024x683.jpg 1024w, https:\/\/www.lab.eus\/wp-content\/uploads\/2025\/06\/01_-300x200.jpg 300w, https:\/\/www.lab.eus\/wp-content\/uploads\/2025\/06\/01_-768x512.jpg 768w, https:\/\/www.lab.eus\/wp-content\/uploads\/2025\/06\/01_-1536x1024.jpg 1536w, https:\/\/www.lab.eus\/wp-content\/uploads\/2025\/06\/01_-2048x1365.jpg 2048w, https:\/\/www.lab.eus\/wp-content\/uploads\/2025\/06\/01_-630x420.jpg 630w, https:\/\/www.lab.eus\/wp-content\/uploads\/2025\/06\/01_-150x100.jpg 150w, https:\/\/www.lab.eus\/wp-content\/uploads\/2025\/06\/01_-696x464.jpg 696w, https:\/\/www.lab.eus\/wp-content\/uploads\/2025\/06\/01_-1068x712.jpg 1068w, https:\/\/www.lab.eus\/wp-content\/uploads\/2025\/06\/01_-1920x1280.jpg 1920w\" sizes=\"auto, (max-width: 1024px) 100vw, 1024px\" \/><\/figure>\n<\/figure>\n","protected":false},"excerpt":{"rendered":"<p>El gobierno no garantiza que el sistema sanitario se ofrecer\u00e1 con recursos p\u00fablicos y propios, y mantiene la dependencia respecto al sector privado. En nuestro pa\u00eds existe un fuerte impulso a favor del sistema p\u00fablico de salud, y mejorar la situaci\u00f3n de Osakidetza est\u00e1 entre las principales preocupaciones de la sociedad. El gobierno del lehendakari [&hellip;]<\/p>\n","protected":false},"author":1191,"featured_media":81935,"comment_status":"closed","ping_status":"closed","sticky":false,"template":"","format":"standard","meta":{"_monsterinsights_skip_tracking":false,"_monsterinsights_sitenote_active":false,"_monsterinsights_sitenote_note":"","_monsterinsights_sitenote_category":0,"footnotes":"","_links_to":"","_links_to_target":""},"categories":[18,2867,3039,3097,6],"tags":[3066,4986,3195,4886,3279,3100,3171],"class_list":{"0":"post-81919","1":"post","2":"type-post","3":"status-publish","4":"format-standard","5":"has-post-thumbnail","7":"category-es-accion-sindical","8":"category-federaciones","9":"category-osakidetza-es-2","10":"category-sanidad","11":"category-es-servicios-publicos","12":"tag-federaciones-es","13":"tag-mesa-de-salud","14":"tag-osakidetza-es","15":"tag-pacto-de-salud","16":"tag-portada-es","17":"tag-sanidad-es","18":"tag-servicios-publicos-es"},"_links":{"self":[{"href":"https:\/\/www.lab.eus\/es\/wp-json\/wp\/v2\/posts\/81919","targetHints":{"allow":["GET"]}}],"collection":[{"href":"https:\/\/www.lab.eus\/es\/wp-json\/wp\/v2\/posts"}],"about":[{"href":"https:\/\/www.lab.eus\/es\/wp-json\/wp\/v2\/types\/post"}],"author":[{"embeddable":true,"href":"https:\/\/www.lab.eus\/es\/wp-json\/wp\/v2\/users\/1191"}],"replies":[{"embeddable":true,"href":"https:\/\/www.lab.eus\/es\/wp-json\/wp\/v2\/comments?post=81919"}],"version-history":[{"count":6,"href":"https:\/\/www.lab.eus\/es\/wp-json\/wp\/v2\/posts\/81919\/revisions"}],"predecessor-version":[{"id":81947,"href":"https:\/\/www.lab.eus\/es\/wp-json\/wp\/v2\/posts\/81919\/revisions\/81947"}],"wp:featuredmedia":[{"embeddable":true,"href":"https:\/\/www.lab.eus\/es\/wp-json\/wp\/v2\/media\/81935"}],"wp:attachment":[{"href":"https:\/\/www.lab.eus\/es\/wp-json\/wp\/v2\/media?parent=81919"}],"wp:term":[{"taxonomy":"category","embeddable":true,"href":"https:\/\/www.lab.eus\/es\/wp-json\/wp\/v2\/categories?post=81919"},{"taxonomy":"post_tag","embeddable":true,"href":"https:\/\/www.lab.eus\/es\/wp-json\/wp\/v2\/tags?post=81919"}],"curies":[{"name":"wp","href":"https:\/\/api.w.org\/{rel}","templated":true}]}}