{"id":81896,"date":"2025-06-26T07:12:45","date_gmt":"2025-06-26T07:12:45","guid":{"rendered":"https:\/\/www.lab.eus\/?p=81896"},"modified":"2025-06-26T07:12:48","modified_gmt":"2025-06-26T07:12:48","slug":"lab-denuncia-que-las-medidas-que-presentaran-pnv-y-pse-en-el-parlamento-de-gasteiz-supondran-un-aumento-aun-mayor-de-los-precios-de-la-vivienda","status":"publish","type":"post","link":"https:\/\/www.lab.eus\/es\/lab-denuncia-que-las-medidas-que-presentaran-pnv-y-pse-en-el-parlamento-de-gasteiz-supondran-un-aumento-aun-mayor-de-los-precios-de-la-vivienda\/","title":{"rendered":"LAB denuncia que las medidas que presentar\u00e1n PNV y PSE en el Parlamento de Gasteiz supondr\u00e1n un aumento a\u00fan mayor de los precios de la vivienda"},"content":{"rendered":"\n<p><strong>Apelando a la necesidad de cambios estructurales y medidas urgentes, los dos partidos que conforman el Gobierno Vasco han presentado medidas para profundizar en pol\u00edticas que han fracasado. Estas medidas buscan aumentar los beneficios de la patronal inmobiliaria, iniciar un nuevo ciclo de construcci\u00f3n y dar paso a decisiones que eleven a\u00fan m\u00e1s los precios del mercado. LAB, como medida urgente, reivindica pol\u00edticas reales a favor del alquiler social y medidas efectivas para bajar los precios en el informe que ha realizado para analizar la proposici\u00f3n de ley presentada por PNV y PSE.<\/strong><\/p>\n\n\n\n<div data-wp-interactive=\"core\/file\" class=\"wp-block-file\"><object data-wp-bind--hidden=\"!state.hasPdfPreview\" hidden class=\"wp-block-file__embed\" data=\"https:\/\/www.lab.eus\/wp-content\/uploads\/2025\/06\/LAB_informe-1.pdf\" type=\"application\/pdf\" style=\"width:100%;height:600px\" aria-label=\"Incrustado de LAB_informe.\"><\/object><a id=\"wp-block-file--media-1cfdc5af-1218-4d7f-bf8f-6e24152d4821\" href=\"https:\/\/www.lab.eus\/wp-content\/uploads\/2025\/06\/LAB_informe-1.pdf\">LAB_informe<\/a><a href=\"https:\/\/www.lab.eus\/wp-content\/uploads\/2025\/06\/LAB_informe-1.pdf\" class=\"wp-block-file__button wp-element-button\" download aria-describedby=\"wp-block-file--media-1cfdc5af-1218-4d7f-bf8f-6e24152d4821\">Deskargatu<\/a><\/div>\n\n\n\n<p>En plena situaci\u00f3n de emergencia en materia de vivienda, ante la necesidad de medidas integrales y urgentes, PNV y PSE presentar\u00e1n una proposici\u00f3n de ley en el pleno del Parlamento del 26 de junio. Aunque han pasado de negar el problema a aceptarlo, las propuestas presentadas por los partidos que conforman el Gobierno Vasco es un paquete de medidas para profundizar en la direcci\u00f3n mantenida hasta ahora.<\/p>\n\n\n\n<p>LAB ha analizado las propuestas presentadas y ha realizado un informe que recoge sus principales conclusiones. El sindicato insiste en dos ideas principales: por un lado, que con las medidas presentadas se pretende iniciar un nuevo ciclo constructivo, siempre con el objetivo de garantizar e incrementar las ganancias de quienes se benefician del negocio de la vivienda. A ello responden las propuestas de reducci\u00f3n del n\u00famero de viviendas protegidas propuestas en la Ley del Suelo o las numerosas modificaciones introducidas para agilizar diversos procedimientos.<\/p>\n\n\n\n<p>Se\u00f1alan que construir vivienda no es rentable mientras su precio presenta una constante tendencia al alza. Pero la pregunta es cu\u00e1nta rentabilidad se quiere garantizar a aquellos que ya acumulan enormes beneficios.<\/p>\n\n\n\n<p>Por otro lado, LAB se\u00f1ala que si este nuevo ciclo de construcci\u00f3n va a repercutir en los precios, ser\u00e1 para aumentar su tendencia al alza. \u00bfEn manos de qui\u00e9n quedar\u00e1n esas nuevas viviendas que se vender\u00e1n en el mercado libre, si hoy en d\u00eda hacer negocio con la vivienda es m\u00e1s rentable que invertir en econom\u00eda productiva?<\/p>\n\n\n\n<p>En esta direcci\u00f3n, LAB denuncia en el informe que ha presentado que el Gobierno Vasco est\u00e1 vulnerando la Ley de Vivienda de 2015. Y es que, junto a estas medidas, ha anunciado una nueva l\u00ednea de avales para incentivar la compra a trav\u00e9s del Instituto Vasco de Finanzas y, en lugar de destinar los recursos p\u00fablicos al alquiler o a la rehabilitaci\u00f3n, ha decidido dar dinero a las entidades bancarias.<\/p>\n\n\n\n<p>LAB exige a PNV y PSE que retiren la proposici\u00f3n de ley y establezcan pol\u00edticas estructurales eficaces y reales en las medidas urgentes, aumentando el presupuesto, primando el alquiler social, bajando los precios, tomando decisiones para limitar el negocio y comprometi\u00e9ndose a defender los derechos de los y las inquilinas.<\/p>\n","protected":false},"excerpt":{"rendered":"<p>Apelando a la necesidad de cambios estructurales y medidas urgentes, los dos partidos que conforman el Gobierno Vasco han presentado medidas para profundizar en pol\u00edticas que han fracasado. Estas medidas buscan aumentar los beneficios de la patronal inmobiliaria, iniciar un nuevo ciclo de construcci\u00f3n y dar paso a decisiones que eleven a\u00fan m\u00e1s los precios [&hellip;]<\/p>\n","protected":false},"author":1191,"featured_media":81916,"comment_status":"closed","ping_status":"closed","sticky":false,"template":"","format":"standard","meta":{"_monsterinsights_skip_tracking":false,"_monsterinsights_sitenote_active":false,"_monsterinsights_sitenote_note":"","_monsterinsights_sitenote_category":0,"footnotes":"","_links_to":"","_links_to_target":""},"categories":[2994,3283,303,2895],"tags":[3182,3178,3925,3491],"class_list":{"0":"post-81896","1":"post","2":"type-post","3":"status-publish","4":"format-standard","5":"has-post-thumbnail","7":"category-accion-social","8":"category-sin-categorizar","9":"category-es-vivienda","10":"category-vivienda","11":"tag-accion-social-es","12":"tag-destacado-1","13":"tag-destacado-1-3","14":"tag-vivienda"},"_links":{"self":[{"href":"https:\/\/www.lab.eus\/es\/wp-json\/wp\/v2\/posts\/81896","targetHints":{"allow":["GET"]}}],"collection":[{"href":"https:\/\/www.lab.eus\/es\/wp-json\/wp\/v2\/posts"}],"about":[{"href":"https:\/\/www.lab.eus\/es\/wp-json\/wp\/v2\/types\/post"}],"author":[{"embeddable":true,"href":"https:\/\/www.lab.eus\/es\/wp-json\/wp\/v2\/users\/1191"}],"replies":[{"embeddable":true,"href":"https:\/\/www.lab.eus\/es\/wp-json\/wp\/v2\/comments?post=81896"}],"version-history":[{"count":2,"href":"https:\/\/www.lab.eus\/es\/wp-json\/wp\/v2\/posts\/81896\/revisions"}],"predecessor-version":[{"id":81904,"href":"https:\/\/www.lab.eus\/es\/wp-json\/wp\/v2\/posts\/81896\/revisions\/81904"}],"wp:featuredmedia":[{"embeddable":true,"href":"https:\/\/www.lab.eus\/es\/wp-json\/wp\/v2\/media\/81916"}],"wp:attachment":[{"href":"https:\/\/www.lab.eus\/es\/wp-json\/wp\/v2\/media?parent=81896"}],"wp:term":[{"taxonomy":"category","embeddable":true,"href":"https:\/\/www.lab.eus\/es\/wp-json\/wp\/v2\/categories?post=81896"},{"taxonomy":"post_tag","embeddable":true,"href":"https:\/\/www.lab.eus\/es\/wp-json\/wp\/v2\/tags?post=81896"}],"curies":[{"name":"wp","href":"https:\/\/api.w.org\/{rel}","templated":true}]}}