{"id":81872,"date":"2025-06-24T19:19:00","date_gmt":"2025-06-24T19:19:00","guid":{"rendered":"https:\/\/www.lab.eus\/?p=81872"},"modified":"2025-06-25T07:22:37","modified_gmt":"2025-06-25T07:22:37","slug":"dos-trabajadores-han-fallecido-en-labores-forestales-y-otro-en-accidente-no-traumatico-3-muertes-provocadas-por-la-patronal-en-las-ultimas-24-horas","status":"publish","type":"post","link":"https:\/\/www.lab.eus\/es\/dos-trabajadores-han-fallecido-en-labores-forestales-y-otro-en-accidente-no-traumatico-3-muertes-provocadas-por-la-patronal-en-las-ultimas-24-horas\/","title":{"rendered":"Dos trabajadores fallecen en labores forestales y otro en accidente no traum\u00e1tico, 3 muertes provocadas por la patronal en las \u00faltimas 24 horas"},"content":{"rendered":"\n<p><strong>A mediod\u00eda de ayer, un trabajador de 45 a\u00f1os que realizaba labores forestales en Altsasu falleci\u00f3 en accidente laboral al ser alcanzado por la rama de un haya. Otros dos trabajadores han fallecido en diferentes accidentes. Uno de ellos ha fallecido hoy en Eskoriatza al ser alcanzado por la rama de un \u00e1rbol. El trabajador E.A.M.C. tambien estaba realizando labores forestales. Ayer en Donostia, el trabajador J.M.E.G., de 65 a\u00f1os, que trabajaba en labores de jardiner\u00eda, sufri\u00f3 un accidente no traum\u00e1tico y falleci\u00f3 en el mismo puesto de trabajo. Estaba quitando malas hierbas, de rodillas. Con estos, son 31 las y los trabajadores fallecidos en Euskal Herria desde principios de a\u00f1o.<\/strong><\/p>\n\n\n\n<p>LAB ha podido saber que el trabajador fallecido ayer en Altsasu estaba contratado por una empresa de Logro\u00f1o. Esto significa que esta muerte laboral no ser\u00e1 recogida en la contabilidad oficial de Nafarroa y que el ejecutivo de Chivite actuar\u00e1 como si el fallecimiento no se hubiera producido. Por su parte, el trabajador se dedicaba a labores forestales, sector que muestra una mayor mortalidad. Adem\u00e1s, el trabajador estaba trabajabando solo en el monte sin la presencia de compa\u00f1eros, compa\u00f1eras o el perceptivo recurso preventivo. Este es s\u00f3lo un ejemplo m\u00e1s de la extrema precariedad que existe en el sector.<\/p>\n\n\n\n<p>Detr\u00e1s de las terribles tasas de siniestralidad de los \u00faltimos a\u00f1os est\u00e1 el incumplimiento de la normativa laboral por parte de las empresas, como ha ocurrido con el fallecimiento de ayer. Detr\u00e1s de las muertes hay responsables, aunque los gobiernos siguen protegiendo ciegamente a esos responsables, a los empresarios.<\/p>\n\n\n\n<p>LAB no tiene m\u00e1s datos sobre el trabajador fallecido en Eskoriatza. Tan solo que ha sido reconocido oficialmente.<\/p>\n\n\n\n<p>Por \u00faltimo, en relaci\u00f3n al trabajador fallecido en Donostia en accidente no traum\u00e1tico, hay que destacar su edad, 65 a\u00f1os. Adem\u00e1s, estaba trabajando en condiciones precarias para la UTE Parques Hist\u00f3ricos 2023, subcontratada por el Ayuntamiento de Donostia y encargada del cuidado del parque de Aiete.<\/p>\n\n\n\n<p>Mientras tanto la patronal como los gobiernos difunden el fantasma del absentismo, las y los trabajadores perdemos la vida trabajando. La falta de prevenci\u00f3n es la \u00fanica responsable de las muertes. Somos los y las trabajadoras quienes morimos, no los empresarios. Cada vez es m\u00e1s evidente, adem\u00e1s, que el incumplimiento de la normativa de prevenci\u00f3n se ha generalizado y que ante esta situaci\u00f3n deben tomarse duras medidas.<\/p>\n","protected":false},"excerpt":{"rendered":"<p>A mediod\u00eda de ayer, un trabajador de 45 a\u00f1os que realizaba labores forestales en Altsasu falleci\u00f3 en accidente laboral al ser alcanzado por la rama de un haya. Otros dos trabajadores han fallecido en diferentes accidentes. Uno de ellos ha fallecido hoy en Eskoriatza al ser alcanzado por la rama de un \u00e1rbol. El trabajador [&hellip;]<\/p>\n","protected":false},"author":1191,"featured_media":49698,"comment_status":"closed","ping_status":"closed","sticky":false,"template":"","format":"standard","meta":{"_monsterinsights_skip_tracking":false,"_monsterinsights_sitenote_active":false,"_monsterinsights_sitenote_note":"","_monsterinsights_sitenote_category":0,"footnotes":"","_links_to":"","_links_to_target":""},"categories":[18,130,15,2973],"tags":[3033,3178,3005,3083,3024],"class_list":{"0":"post-81872","1":"post","2":"type-post","3":"status-publish","4":"format-standard","5":"has-post-thumbnail","7":"category-es-accion-sindical","8":"category-es-la-precariedad-mata-es-salud-laboral","9":"category-es-salud-laboral","10":"category-secretarias","11":"tag-accion-sindical-es","12":"tag-destacado-1","13":"tag-la-precariedad-mata","14":"tag-salud-laboral-es","15":"tag-secretarias"},"_links":{"self":[{"href":"https:\/\/www.lab.eus\/es\/wp-json\/wp\/v2\/posts\/81872","targetHints":{"allow":["GET"]}}],"collection":[{"href":"https:\/\/www.lab.eus\/es\/wp-json\/wp\/v2\/posts"}],"about":[{"href":"https:\/\/www.lab.eus\/es\/wp-json\/wp\/v2\/types\/post"}],"author":[{"embeddable":true,"href":"https:\/\/www.lab.eus\/es\/wp-json\/wp\/v2\/users\/1191"}],"replies":[{"embeddable":true,"href":"https:\/\/www.lab.eus\/es\/wp-json\/wp\/v2\/comments?post=81872"}],"version-history":[{"count":2,"href":"https:\/\/www.lab.eus\/es\/wp-json\/wp\/v2\/posts\/81872\/revisions"}],"predecessor-version":[{"id":81874,"href":"https:\/\/www.lab.eus\/es\/wp-json\/wp\/v2\/posts\/81872\/revisions\/81874"}],"wp:featuredmedia":[{"embeddable":true,"href":"https:\/\/www.lab.eus\/es\/wp-json\/wp\/v2\/media\/49698"}],"wp:attachment":[{"href":"https:\/\/www.lab.eus\/es\/wp-json\/wp\/v2\/media?parent=81872"}],"wp:term":[{"taxonomy":"category","embeddable":true,"href":"https:\/\/www.lab.eus\/es\/wp-json\/wp\/v2\/categories?post=81872"},{"taxonomy":"post_tag","embeddable":true,"href":"https:\/\/www.lab.eus\/es\/wp-json\/wp\/v2\/tags?post=81872"}],"curies":[{"name":"wp","href":"https:\/\/api.w.org\/{rel}","templated":true}]}}