{"id":81865,"date":"2025-06-24T12:17:04","date_gmt":"2025-06-24T12:17:04","guid":{"rendered":"https:\/\/www.lab.eus\/?p=81865"},"modified":"2025-06-24T12:17:06","modified_gmt":"2025-06-24T12:17:06","slug":"lab-no-sera-complice-de-la-patronal-adegi-y-no-firmara-el-convenio-de-la-construccion-de-gipuzkoa","status":"publish","type":"post","link":"https:\/\/www.lab.eus\/es\/lab-no-sera-complice-de-la-patronal-adegi-y-no-firmara-el-convenio-de-la-construccion-de-gipuzkoa\/","title":{"rendered":"LAB no ser\u00e1 c\u00f3mplice de la patronal ADEGI y no firmar\u00e1 el convenio de la construcci\u00f3n de Gipuzkoa"},"content":{"rendered":"\n<p><strong>El acuerdo alcanzado por ELA en la construcci\u00f3n de Gipuzkoa no garantiza la salud de las personas trabajadoras y las condiciones laborales adecuadas para el futuro. ELA ha renunciado a la lucha y ha dejado a un lado las necesidades de los trabajadores y trabajadoras del sector por llegar a un acuerdo.<\/strong><\/p>\n\n\n\n<p>En cuanto a los contenidos del acuerdo, teniendo en cuenta que la situaci\u00f3n de las empresas de la construcci\u00f3n en Gipuzkoa es buena y que adem\u00e1s, hay previsi\u00f3n de mejora en el futuro, la renuncia de ELA a la lucha les ha regalado la paz social por 4 a\u00f1os. Los supuestos avances que contiene el acuerdo no ser\u00e1n reales para la mayor\u00eda de los trabajadores y trabajadoras del sector. Y es que el acuerdo no responde a los mayores problemas existentes en el sector de la construcci\u00f3n: el convenio no se cumple en gran parte del sector y la siniestralidad y el n\u00famero de muertes laborales es brutal. LAB considera que el convenio deber\u00eda responder a esta realidad. Por tanto, es evidente que los contenidos no responden a la realidad del sector ni a las necesidades de los trabajadores y trabajadoras.<\/p>\n\n\n\n<p>Las demandas que LAB ha puesto sobre la mesa desde el principio no han sido atendidas en ning\u00fan momento, y los problemas que tiene el sector seguir\u00e1n siendo los mismos. Los retos de LAB han sido claros, subidas salariales por encima del IPC, reducci\u00f3n de jornada que pondr\u00eda las condiciones de trabajo y vida en el centro, garant\u00edas para la aplicaci\u00f3n del convenio, l\u00edmites a la subcontrataci\u00f3n y medidas para garantizar la salud laboral.<\/p>\n\n\n\n<p>Este sector, que presenta tasas de mortalidad escalofriantes, demuestra una y otra vez que las ca\u00eddas en las alturas se producen por no tomar medidas y LAB reclamaba una implementaci\u00f3n tasada de las mismas. S\u00f3lo en 2024, 11 trabajadores murieron por ca\u00eddas de altura. Las empresas incumplen la normativa debido a la falta de control y tras la firma de este acuerdo la siniestralidad seguir\u00e1 aumentando.<\/p>\n\n\n\n<p>LAB va a seguir al lado de los trabajadores y trabajadoras porque este acuerdo no garantiza la salud de las personas trabajadoras ni unas condiciones laborales dignas- LAB seguir\u00e1 luchando.<\/p>\n","protected":false},"excerpt":{"rendered":"<p>El acuerdo alcanzado por ELA en la construcci\u00f3n de Gipuzkoa no garantiza la salud de las personas trabajadoras y las condiciones laborales adecuadas para el futuro. ELA ha renunciado a la lucha y ha dejado a un lado las necesidades de los trabajadores y trabajadoras del sector por llegar a un acuerdo. En cuanto a [&hellip;]<\/p>\n","protected":false},"author":1191,"featured_media":49949,"comment_status":"closed","ping_status":"closed","sticky":false,"template":"","format":"standard","meta":{"_monsterinsights_skip_tracking":false,"_monsterinsights_sitenote_active":false,"_monsterinsights_sitenote_note":"","_monsterinsights_sitenote_category":0,"footnotes":"","_links_to":"","_links_to_target":""},"categories":[18,96,2867,2868],"tags":[3033,3200,5163,3178,3066,2996],"class_list":{"0":"post-81865","1":"post","2":"type-post","3":"status-publish","4":"format-standard","5":"has-post-thumbnail","7":"category-es-accion-sindical","8":"category-es-construccion","9":"category-federaciones","10":"category-industria-es","11":"tag-accion-sindical-es","12":"tag-construccion-es","13":"tag-construccion-de-gipuzkoa","14":"tag-destacado-1","15":"tag-federaciones-es","16":"tag-industria-es"},"_links":{"self":[{"href":"https:\/\/www.lab.eus\/es\/wp-json\/wp\/v2\/posts\/81865","targetHints":{"allow":["GET"]}}],"collection":[{"href":"https:\/\/www.lab.eus\/es\/wp-json\/wp\/v2\/posts"}],"about":[{"href":"https:\/\/www.lab.eus\/es\/wp-json\/wp\/v2\/types\/post"}],"author":[{"embeddable":true,"href":"https:\/\/www.lab.eus\/es\/wp-json\/wp\/v2\/users\/1191"}],"replies":[{"embeddable":true,"href":"https:\/\/www.lab.eus\/es\/wp-json\/wp\/v2\/comments?post=81865"}],"version-history":[{"count":1,"href":"https:\/\/www.lab.eus\/es\/wp-json\/wp\/v2\/posts\/81865\/revisions"}],"predecessor-version":[{"id":81866,"href":"https:\/\/www.lab.eus\/es\/wp-json\/wp\/v2\/posts\/81865\/revisions\/81866"}],"wp:featuredmedia":[{"embeddable":true,"href":"https:\/\/www.lab.eus\/es\/wp-json\/wp\/v2\/media\/49949"}],"wp:attachment":[{"href":"https:\/\/www.lab.eus\/es\/wp-json\/wp\/v2\/media?parent=81865"}],"wp:term":[{"taxonomy":"category","embeddable":true,"href":"https:\/\/www.lab.eus\/es\/wp-json\/wp\/v2\/categories?post=81865"},{"taxonomy":"post_tag","embeddable":true,"href":"https:\/\/www.lab.eus\/es\/wp-json\/wp\/v2\/tags?post=81865"}],"curies":[{"name":"wp","href":"https:\/\/api.w.org\/{rel}","templated":true}]}}