{"id":81808,"date":"2025-06-23T09:40:37","date_gmt":"2025-06-23T09:40:37","guid":{"rendered":"https:\/\/www.lab.eus\/?p=81808"},"modified":"2025-06-23T10:09:41","modified_gmt":"2025-06-23T10:09:41","slug":"lab-reclama-un-cambio-de-180-grados-en-politica-industrial","status":"publish","type":"post","link":"https:\/\/www.lab.eus\/es\/lab-reclama-un-cambio-de-180-grados-en-politica-industrial\/","title":{"rendered":"LAB reclama un cambio de 180 grados en pol\u00edtica industrial"},"content":{"rendered":"\n<p><strong>LAB ha presentado una propuesta para desarrollar una pol\u00edtica industrial de transici\u00f3n ecosocial que responda a las necesidades sociales del territorio y que sea ecol\u00f3gicamente sostenible. El sindicato ha denunciado que el plan del Gobierno Vasco est\u00e1 dirigido a dotar de m\u00e1s dinero p\u00fablico a las empresas privadas pero a establecer menos obligaciones.<\/strong><\/p>\n\n\n\n<p>LAB ha presentado en Bilbo una propuesta que recoge sobre qu\u00e9 bases se deber\u00eda construir una pol\u00edtica industrial que responda a la transici\u00f3n ecosocial. Igor Arroyo, coordinador general de LAB, ha explicado que las pol\u00edticas actuales se pueden resumir en \u201cm\u00e1s dinero p\u00fablico y menos obligaciones para las empresas\u201d, pero que eso no garantiza ni la transici\u00f3n ecosocial ni el empleo: \u201cLas empresas piden m\u00e1s ayudas mientras priorizan los beneficios, ralentizan la transici\u00f3n y precarizan el empleo\u201d.<\/p>\n\n\n\n<div data-wp-interactive=\"core\/file\" class=\"wp-block-file\"><object data-wp-bind--hidden=\"!state.hasPdfPreview\" hidden class=\"wp-block-file__embed\" data=\"https:\/\/www.lab.eus\/wp-content\/uploads\/2025\/06\/LAB_Politica-industrial-para-la-transicion-ecosocial.pdf\" type=\"application\/pdf\" style=\"width:100%;height:600px\" aria-label=\"Incrustado de LAB_Pol\u00edtica industrial para la transici\u00f3n ecosocial.\"><\/object><a id=\"wp-block-file--media-575d6a44-b4cd-4754-b817-8bfe7461802e\" href=\"https:\/\/www.lab.eus\/wp-content\/uploads\/2025\/06\/LAB_Politica-industrial-para-la-transicion-ecosocial.pdf\">LAB_Pol\u00edtica industrial para la transici\u00f3n ecosocial<\/a><a href=\"https:\/\/www.lab.eus\/wp-content\/uploads\/2025\/06\/LAB_Politica-industrial-para-la-transicion-ecosocial.pdf\" class=\"wp-block-file__button wp-element-button\" download aria-describedby=\"wp-block-file--media-575d6a44-b4cd-4754-b817-8bfe7461802e\">Deskargatu<\/a><\/div>\n\n\n\n<p>Ante ello, Arroyo ha destacado la necesidad de un cambio de 180 grados y desarrollar una pol\u00edtica industrial ecol\u00f3gicamente sostenible que responda a las necesidades sociales de nuestro territorio y, al mismo tiempo, garantice el derecho al empleo de las y los trabajadores. \u201cPara ello habr\u00eda que transformar varios sectores, reduciendo las emisiones, la energ\u00eda y los materiales\u201d, ha se\u00f1alado<\/p>\n\n\n\n<p>LAB considera que el cambio que necesita la pol\u00edtica industrial se debe sustentar en cuatro pilares:<\/p>\n\n\n\n<p><strong>1. No a la expansi\u00f3n de la industria armament\u00edstica, s\u00ed a la industria socialmente necesaria y ecol\u00f3gicamente sostenible.<\/strong> LAB se opone firmemente a la expansi\u00f3n de la industria armament\u00edstica, puesto que sustrae recursos socialmente necesarios para alimentar la escalada belicista. Por ello, critica la hipocres\u00eda del Gobierno Vasco porque mientras habla de paz y valores impulsa la maquinaria de guerra. El rearme no aumenta la seguridad, sino m\u00e1s bien lo contrario.<\/p>\n\n\n\n<p><strong>2. Intervenci\u00f3n p\u00fablica para planificar la transici\u00f3n industrial: propiedad p\u00fablica, condicionalidad y legislaci\u00f3n antideslocalizaci\u00f3n<\/strong>. La l\u00f3gica perversa que socializa las inversiones y privatiza los beneficios debe acabar. Las grandes corporaciones se benefician de la pol\u00edtica fiscal, las ayudas, las infraestructuras y los ERTE, y su actividad no revierte en el territorio. LAB pide una planificaci\u00f3n industrial real, con una participaci\u00f3n real y vinculante de los sindicatos. Los gobiernos de la CAV y Nafarroa deben impulsar proyectos industriales de propiedad p\u00fablica y las empresas que reciben ayudas deben tener prhobido repartir dividendos y deben mantener el empleo. Asimismo, se debe reforzar la legislaci\u00f3n contra las deslocalizaciones y evitar que las empresas que reciben ayudas p\u00fablicas destruyan o empeoren el empleo. Si es as\u00ed, deben ser sancionados.<\/p>\n\n\n\n<p><strong>3. Llevar la negociaci\u00f3n colectiva a la descarbonizaci\u00f3n y apostar por la inversi\u00f3n privada. <\/strong>Las empresas toman decisiones sobre el empleo en base a planes de descarbonizaci\u00f3n sobre los que no hay ninguna garant\u00eda de cumplimiento. Se debe reconocer la participaci\u00f3n sindical en la descarbonizaci\u00f3n de la industria. Adem\u00e1s, las empresas con beneficios millonarios deben destinar las ganancias a la inversi\u00f3n productiva que exige la transici\u00f3n energ\u00e9tica.<\/p>\n\n\n\n<p><strong>4. Reducci\u00f3n de jornada y empleo digno: repartir, reconvertir y recualificar. <\/strong>Debemos avanzar hacia una semana de trabajo de 30 horas que redistribuya la carga de trabajo y amortig\u00fce las transformaciones. Adem\u00e1s, LAB apuesta por eliminar toda discriminaci\u00f3n en la contrataci\u00f3n y promoci\u00f3n de mujeres* en la industria. Junto a ello, las empresas deben impulsar mejoras laborales que dignifiquen el empleo; como la limitaci\u00f3n de la subcontrataci\u00f3n, la subrogaci\u00f3n y la prevenci\u00f3n de riesgos laborales. Se debe asegurar la formaci\u00f3n y la recualificaci\u00f3n hacia nuevos segmentos productivos y las mesas de reindustrializaci\u00f3n deben ser obligatorias para aquellas empresas que tengan previsto el cierre o reducci\u00f3n de la actividad.<\/p>\n\n\n\n<p><\/p>\n\n\n\n<p><strong>El Gobierno Vasco, en su l\u00ednea<\/strong><\/p>\n\n\n\n<p>Adem\u00e1s de presentar los pilares principales de la propuesta de LAB, el sindicato tambi\u00e9n ha valorado el Plan de Industria que ha presentado recientemente el Gobierno Vasco; no para bien, ya que no responde a la transformaci\u00f3n que LAB reclama en su propuesta, seg\u00fan Kris Gete, responsable de la Federaci\u00f3n de Industria de LAB. De hecho, Gete ha se\u00f1alado que lo presentado por el Gobierno Vasco es una continuaci\u00f3n de la pol\u00edtica industrial de las \u00faltimas d\u00e9cadas: \u201cLa receta es la misma que hasta ahora: dotar de m\u00e1s dinero p\u00fablico a las empresas privadas y establecer menos obligaciones\u201d. Ha explicado que se trata de un plan dirigido a las industrias a las que hoy les va bien y que, adem\u00e1s, no incrementar\u00e1 el control p\u00fablico y la planificaci\u00f3n industrial, ni garantizar\u00e1 el mantenimiento del empleo en los procesos de transformaci\u00f3n.<\/p>\n\n\n\n<p>Precisamente, el plan del Gobierno no es suficiente para una planificaci\u00f3n industrial no es suficiente, seg\u00fan Gete, por varias razones: porque los proyectos transformadores que incluye responden principalmente a proyectos de grandes empresas ya en marcha; porque est\u00e1 lejos de ser una planificaci\u00f3n con una ruta cre\u00edble para la descarbonizaci\u00f3n industrial; porque somete a beneficios privados la transici\u00f3n energ\u00e9tica y el desarrollo de infraestructuras; porque no hay planificaci\u00f3n sobre las transformaciones industriales m\u00e1s urgentes; y porque no se hace referencia expl\u00edcita a la industria militar, aunque el Gobierno ha mostrado su voluntad de aprovechar el impulso que se le quiere dar a la industria militar a nivel europeo.<\/p>\n\n\n\n<p>Gete ha denunciado la \u00ababsoluta\u00bb falta de medidas para garantizar un empleo de calidad y la participaci\u00f3n de las y los trabajadores. En las condiciones de las ayudas p\u00fablicas a las empresas privadas para impulsar su transformaci\u00f3n industrial no se hace referencia al mantenimiento de los puestos de trabajo ni a las medidas que se adoptar\u00e1n para impedir su deslocalizaci\u00f3n. Gete ha denunciado, adem\u00e1s, que en el desarrollo del plan no ha habido participaci\u00f3n de las y los trabajadores de la industria: \u201cEs un plan que no ha contado con su representaci\u00f3n\u201d.<\/p>\n\n\n\n<p>Para finalizar, Gete ha destacado la importancia de la acci\u00f3n sindical para \u201cgarantizar el derecho al empleo y lograr una verdadera transici\u00f3n energ\u00e9tica en Euskal Herria\u201d.<\/p>\n\n\n\n<figure class=\"wp-block-gallery has-nested-images columns-default is-cropped wp-block-gallery-1 is-layout-flex wp-block-gallery-is-layout-flex\">\n<figure class=\"wp-block-image size-large\"><img loading=\"lazy\" decoding=\"async\" width=\"1024\" height=\"572\" data-id=\"81804\" src=\"https:\/\/www.lab.eus\/wp-content\/uploads\/2025\/06\/06-1024x572.jpg\" alt=\"\" class=\"wp-image-81804\" srcset=\"https:\/\/www.lab.eus\/wp-content\/uploads\/2025\/06\/06-1024x572.jpg 1024w, https:\/\/www.lab.eus\/wp-content\/uploads\/2025\/06\/06-300x168.jpg 300w, https:\/\/www.lab.eus\/wp-content\/uploads\/2025\/06\/06-768x429.jpg 768w, https:\/\/www.lab.eus\/wp-content\/uploads\/2025\/06\/06-1536x859.jpg 1536w, https:\/\/www.lab.eus\/wp-content\/uploads\/2025\/06\/06-2048x1145.jpg 2048w, https:\/\/www.lab.eus\/wp-content\/uploads\/2025\/06\/06-751x420.jpg 751w, https:\/\/www.lab.eus\/wp-content\/uploads\/2025\/06\/06-150x84.jpg 150w, https:\/\/www.lab.eus\/wp-content\/uploads\/2025\/06\/06-696x389.jpg 696w, https:\/\/www.lab.eus\/wp-content\/uploads\/2025\/06\/06-1068x597.jpg 1068w, https:\/\/www.lab.eus\/wp-content\/uploads\/2025\/06\/06-1920x1073.jpg 1920w\" sizes=\"auto, (max-width: 1024px) 100vw, 1024px\" \/><\/figure>\n\n\n\n<figure class=\"wp-block-image size-large\"><img loading=\"lazy\" decoding=\"async\" width=\"1024\" height=\"831\" data-id=\"81802\" src=\"https:\/\/www.lab.eus\/wp-content\/uploads\/2025\/06\/05-1024x831.jpg\" alt=\"\" class=\"wp-image-81802\" srcset=\"https:\/\/www.lab.eus\/wp-content\/uploads\/2025\/06\/05-1024x831.jpg 1024w, https:\/\/www.lab.eus\/wp-content\/uploads\/2025\/06\/05-300x244.jpg 300w, https:\/\/www.lab.eus\/wp-content\/uploads\/2025\/06\/05-768x624.jpg 768w, https:\/\/www.lab.eus\/wp-content\/uploads\/2025\/06\/05-1536x1247.jpg 1536w, https:\/\/www.lab.eus\/wp-content\/uploads\/2025\/06\/05-2048x1663.jpg 2048w, https:\/\/www.lab.eus\/wp-content\/uploads\/2025\/06\/05-517x420.jpg 517w, https:\/\/www.lab.eus\/wp-content\/uploads\/2025\/06\/05-150x122.jpg 150w, https:\/\/www.lab.eus\/wp-content\/uploads\/2025\/06\/05-696x565.jpg 696w, https:\/\/www.lab.eus\/wp-content\/uploads\/2025\/06\/05-1068x867.jpg 1068w, https:\/\/www.lab.eus\/wp-content\/uploads\/2025\/06\/05-1920x1559.jpg 1920w\" sizes=\"auto, (max-width: 1024px) 100vw, 1024px\" \/><\/figure>\n\n\n\n<figure class=\"wp-block-image size-large\"><img loading=\"lazy\" decoding=\"async\" width=\"1024\" height=\"683\" data-id=\"81800\" src=\"https:\/\/www.lab.eus\/wp-content\/uploads\/2025\/06\/04-1024x683.jpg\" alt=\"\" class=\"wp-image-81800\" srcset=\"https:\/\/www.lab.eus\/wp-content\/uploads\/2025\/06\/04-1024x683.jpg 1024w, https:\/\/www.lab.eus\/wp-content\/uploads\/2025\/06\/04-300x200.jpg 300w, https:\/\/www.lab.eus\/wp-content\/uploads\/2025\/06\/04-768x512.jpg 768w, https:\/\/www.lab.eus\/wp-content\/uploads\/2025\/06\/04-1536x1024.jpg 1536w, https:\/\/www.lab.eus\/wp-content\/uploads\/2025\/06\/04-2048x1365.jpg 2048w, https:\/\/www.lab.eus\/wp-content\/uploads\/2025\/06\/04-630x420.jpg 630w, https:\/\/www.lab.eus\/wp-content\/uploads\/2025\/06\/04-150x100.jpg 150w, https:\/\/www.lab.eus\/wp-content\/uploads\/2025\/06\/04-696x464.jpg 696w, https:\/\/www.lab.eus\/wp-content\/uploads\/2025\/06\/04-1068x712.jpg 1068w, https:\/\/www.lab.eus\/wp-content\/uploads\/2025\/06\/04-1920x1280.jpg 1920w\" sizes=\"auto, (max-width: 1024px) 100vw, 1024px\" \/><\/figure>\n\n\n\n<figure class=\"wp-block-image size-large\"><img loading=\"lazy\" decoding=\"async\" width=\"1024\" height=\"747\" data-id=\"81798\" src=\"https:\/\/www.lab.eus\/wp-content\/uploads\/2025\/06\/03-1024x747.jpg\" alt=\"\" class=\"wp-image-81798\" srcset=\"https:\/\/www.lab.eus\/wp-content\/uploads\/2025\/06\/03-1024x747.jpg 1024w, https:\/\/www.lab.eus\/wp-content\/uploads\/2025\/06\/03-300x219.jpg 300w, https:\/\/www.lab.eus\/wp-content\/uploads\/2025\/06\/03-768x560.jpg 768w, https:\/\/www.lab.eus\/wp-content\/uploads\/2025\/06\/03-1536x1120.jpg 1536w, https:\/\/www.lab.eus\/wp-content\/uploads\/2025\/06\/03-2048x1494.jpg 2048w, https:\/\/www.lab.eus\/wp-content\/uploads\/2025\/06\/03-576x420.jpg 576w, https:\/\/www.lab.eus\/wp-content\/uploads\/2025\/06\/03-150x109.jpg 150w, https:\/\/www.lab.eus\/wp-content\/uploads\/2025\/06\/03-696x508.jpg 696w, https:\/\/www.lab.eus\/wp-content\/uploads\/2025\/06\/03-1068x779.jpg 1068w, https:\/\/www.lab.eus\/wp-content\/uploads\/2025\/06\/03-1920x1400.jpg 1920w\" sizes=\"auto, (max-width: 1024px) 100vw, 1024px\" \/><\/figure>\n\n\n\n<figure class=\"wp-block-image size-large\"><img loading=\"lazy\" decoding=\"async\" width=\"1024\" height=\"683\" data-id=\"81796\" src=\"https:\/\/www.lab.eus\/wp-content\/uploads\/2025\/06\/02-1024x683.jpg\" alt=\"\" class=\"wp-image-81796\" srcset=\"https:\/\/www.lab.eus\/wp-content\/uploads\/2025\/06\/02-1024x683.jpg 1024w, https:\/\/www.lab.eus\/wp-content\/uploads\/2025\/06\/02-300x200.jpg 300w, https:\/\/www.lab.eus\/wp-content\/uploads\/2025\/06\/02-768x512.jpg 768w, https:\/\/www.lab.eus\/wp-content\/uploads\/2025\/06\/02-1536x1024.jpg 1536w, https:\/\/www.lab.eus\/wp-content\/uploads\/2025\/06\/02-2048x1365.jpg 2048w, https:\/\/www.lab.eus\/wp-content\/uploads\/2025\/06\/02-630x420.jpg 630w, https:\/\/www.lab.eus\/wp-content\/uploads\/2025\/06\/02-150x100.jpg 150w, https:\/\/www.lab.eus\/wp-content\/uploads\/2025\/06\/02-696x464.jpg 696w, https:\/\/www.lab.eus\/wp-content\/uploads\/2025\/06\/02-1068x712.jpg 1068w, https:\/\/www.lab.eus\/wp-content\/uploads\/2025\/06\/02-1920x1280.jpg 1920w\" sizes=\"auto, (max-width: 1024px) 100vw, 1024px\" \/><\/figure>\n<\/figure>\n","protected":false},"excerpt":{"rendered":"<p>LAB ha presentado una propuesta para desarrollar una pol\u00edtica industrial de transici\u00f3n ecosocial que responda a las necesidades sociales del territorio y que sea ecol\u00f3gicamente sostenible. El sindicato ha denunciado que el plan del Gobierno Vasco est\u00e1 dirigido a dotar de m\u00e1s dinero p\u00fablico a las empresas privadas pero a establecer menos obligaciones. LAB ha [&hellip;]<\/p>\n","protected":false},"author":1191,"featured_media":81806,"comment_status":"closed","ping_status":"closed","sticky":false,"template":"","format":"standard","meta":{"_monsterinsights_skip_tracking":false,"_monsterinsights_sitenote_active":false,"_monsterinsights_sitenote_note":"","_monsterinsights_sitenote_category":0,"footnotes":"","_links_to":"","_links_to_target":""},"categories":[18,2867,2868],"tags":[3033,3066,2996,5302,3279],"class_list":{"0":"post-81808","1":"post","2":"type-post","3":"status-publish","4":"format-standard","5":"has-post-thumbnail","7":"category-es-accion-sindical","8":"category-federaciones","9":"category-industria-es","10":"tag-accion-sindical-es","11":"tag-federaciones-es","12":"tag-industria-es","13":"tag-politica-industrial","14":"tag-portada-es"},"_links":{"self":[{"href":"https:\/\/www.lab.eus\/es\/wp-json\/wp\/v2\/posts\/81808","targetHints":{"allow":["GET"]}}],"collection":[{"href":"https:\/\/www.lab.eus\/es\/wp-json\/wp\/v2\/posts"}],"about":[{"href":"https:\/\/www.lab.eus\/es\/wp-json\/wp\/v2\/types\/post"}],"author":[{"embeddable":true,"href":"https:\/\/www.lab.eus\/es\/wp-json\/wp\/v2\/users\/1191"}],"replies":[{"embeddable":true,"href":"https:\/\/www.lab.eus\/es\/wp-json\/wp\/v2\/comments?post=81808"}],"version-history":[{"count":2,"href":"https:\/\/www.lab.eus\/es\/wp-json\/wp\/v2\/posts\/81808\/revisions"}],"predecessor-version":[{"id":81815,"href":"https:\/\/www.lab.eus\/es\/wp-json\/wp\/v2\/posts\/81808\/revisions\/81815"}],"wp:featuredmedia":[{"embeddable":true,"href":"https:\/\/www.lab.eus\/es\/wp-json\/wp\/v2\/media\/81806"}],"wp:attachment":[{"href":"https:\/\/www.lab.eus\/es\/wp-json\/wp\/v2\/media?parent=81808"}],"wp:term":[{"taxonomy":"category","embeddable":true,"href":"https:\/\/www.lab.eus\/es\/wp-json\/wp\/v2\/categories?post=81808"},{"taxonomy":"post_tag","embeddable":true,"href":"https:\/\/www.lab.eus\/es\/wp-json\/wp\/v2\/tags?post=81808"}],"curies":[{"name":"wp","href":"https:\/\/api.w.org\/{rel}","templated":true}]}}