{"id":81776,"date":"2025-06-20T12:24:13","date_gmt":"2025-06-20T12:24:13","guid":{"rendered":"https:\/\/www.lab.eus\/?p=81776"},"modified":"2025-06-20T12:24:16","modified_gmt":"2025-06-20T12:24:16","slug":"el-departamento-de-salud-rechaza-lo-decidido-en-los-grupos-de-trabajo-de-colaboracion-publico-privada-y-cartera-de-servicios-de-la-mesa-de-salud-e-impone-sus-planteamientos","status":"publish","type":"post","link":"https:\/\/www.lab.eus\/es\/el-departamento-de-salud-rechaza-lo-decidido-en-los-grupos-de-trabajo-de-colaboracion-publico-privada-y-cartera-de-servicios-de-la-mesa-de-salud-e-impone-sus-planteamientos\/","title":{"rendered":"El Departamento de Salud rechaza lo decidido en los grupos de trabajo de colaboraci\u00f3n p\u00fablico-privada y cartera de servicios de la Mesa de Salud e impone sus planteamientos"},"content":{"rendered":"\n<p>El Departamento de Salud est\u00e1 sometido a las directrices del lobby a favor de la privatizaci\u00f3n, modificando a su antojo la metodolog\u00eda establecida por el propio departamento en la mesa.<\/p>\n\n\n\n<p>El martes y el mi\u00e9rcoles se reunieron los grupos de trabajo de colaboraci\u00f3n p\u00fablico-privada y de cartera de servicios. A pesar de que estos grupos de trabajo cumplieron con su labor y presentaron sus propuestas en la Mesa de Salud el d\u00eda 11 de junio, el consenso alcanzado por las mayor\u00edas no gust\u00f3 al Departamento de Salud y a los partidos que componen el Gobierno Vasco. Sin ning\u00fan escr\u00fapulo para cambiar lo que no les gusta, el Departamento de Salud nos quiere imponer una visi\u00f3n para continuar con la privatizaci\u00f3n, haciendo caso al lobby privatizador.<\/p>\n\n\n\n<p>El Gobierno, que quiere representar el consenso y el acuerdo, impone por tanto el veto a propuestas que no le gustan y ha decidido establecer la decisi\u00f3n de mantener la privatizaci\u00f3n en los grupos de trabajo. Ha sepultado el objetivo que acordamos por mayor\u00eda en el grupo de la colaboraci\u00f3n p\u00fablico-privada; ofrecer el Sistema P\u00fablico de Salud con recursos p\u00fablicos y propios y reducir su dependencia del sector privado, recurriendo a \u00e9l solo en situaciones excepcionales. Y en el grupo de trabajo de cartera de servicios, ha modificado el documento aprobado con total consenso por parte de sus integrantes, rechazando por completo los objetivos y acciones para poner en marcha un plan de publificaci\u00f3n de la cartera de servicios.<\/p>\n\n\n\n<p>El Departamento de Salud ha montado bien el teatro de su imposici\u00f3n. Por un lado, ha inventado que el documento del grupo de trabajo de la colaboraci\u00f3n p\u00fablico-privada ha sido un documento sin consenso. Al parecer, solo le vale un amplio consenso cuando hay decisiones que le gustan. Y, en segundo lugar, ha impuesto someter sus propuestas a votaci\u00f3n para continuar con esa farsa, convocando a todos los agentes que no han participado en los grupos de trabajo e impulsando nuevas votaciones. Esta din\u00e1mica de sumisi\u00f3n al lobby a favor de la privatizaci\u00f3n no tiene l\u00edmites.<\/p>\n\n\n\n<p>Los agentes que participamos en la Mesa de Salud defendemos dos modelos antag\u00f3nicos que est\u00e1n frente a frente. El modelo de los que queremos fortalecer el Sistema P\u00fablico de Salud y transformar y recortar las pol\u00edticas privatizadoras que se han venido haciendo hasta ahora, y el modelo de los que quieren mantener la privatizaci\u00f3n y seguir haciendo negocio con ello.<\/p>\n\n\n\n<p>Tanto para apostar por el sistema p\u00fablico como para acabar con las pol\u00edticas de privatizaci\u00f3n y concertaci\u00f3n son necesarias voluntades y compromisos concretos.. El nudo principal es lo que han bautizado como colaboraci\u00f3n p\u00fablico-privada, y lamentablemente esta semana, m\u00e1s que desatarlo ese nudo se ha apretado a\u00fan m\u00e1s. Tal y como anunciamos, para LAB esto es determinante para fijar su posici\u00f3n respecto o estar o no en el pacto sanitario. El sindicato anunciar\u00e1 su decisi\u00f3n en los pr\u00f3ximos d\u00edas.<\/p>\n","protected":false},"excerpt":{"rendered":"<p>El Departamento de Salud est\u00e1 sometido a las directrices del lobby a favor de la privatizaci\u00f3n, modificando a su antojo la metodolog\u00eda establecida por el propio departamento en la mesa. El martes y el mi\u00e9rcoles se reunieron los grupos de trabajo de colaboraci\u00f3n p\u00fablico-privada y de cartera de servicios. A pesar de que estos grupos [&hellip;]<\/p>\n","protected":false},"author":1191,"featured_media":81608,"comment_status":"closed","ping_status":"closed","sticky":false,"template":"","format":"standard","meta":{"_monsterinsights_skip_tracking":false,"_monsterinsights_sitenote_active":false,"_monsterinsights_sitenote_note":"","_monsterinsights_sitenote_category":0,"footnotes":"","_links_to":"","_links_to_target":""},"categories":[18,2867,3097,6],"tags":[3033,3178,4986,3195,3100,3171],"class_list":{"0":"post-81776","1":"post","2":"type-post","3":"status-publish","4":"format-standard","5":"has-post-thumbnail","7":"category-es-accion-sindical","8":"category-federaciones","9":"category-sanidad","10":"category-es-servicios-publicos","11":"tag-accion-sindical-es","12":"tag-destacado-1","13":"tag-mesa-de-salud","14":"tag-osakidetza-es","15":"tag-sanidad-es","16":"tag-servicios-publicos-es"},"_links":{"self":[{"href":"https:\/\/www.lab.eus\/es\/wp-json\/wp\/v2\/posts\/81776","targetHints":{"allow":["GET"]}}],"collection":[{"href":"https:\/\/www.lab.eus\/es\/wp-json\/wp\/v2\/posts"}],"about":[{"href":"https:\/\/www.lab.eus\/es\/wp-json\/wp\/v2\/types\/post"}],"author":[{"embeddable":true,"href":"https:\/\/www.lab.eus\/es\/wp-json\/wp\/v2\/users\/1191"}],"replies":[{"embeddable":true,"href":"https:\/\/www.lab.eus\/es\/wp-json\/wp\/v2\/comments?post=81776"}],"version-history":[{"count":1,"href":"https:\/\/www.lab.eus\/es\/wp-json\/wp\/v2\/posts\/81776\/revisions"}],"predecessor-version":[{"id":81777,"href":"https:\/\/www.lab.eus\/es\/wp-json\/wp\/v2\/posts\/81776\/revisions\/81777"}],"wp:featuredmedia":[{"embeddable":true,"href":"https:\/\/www.lab.eus\/es\/wp-json\/wp\/v2\/media\/81608"}],"wp:attachment":[{"href":"https:\/\/www.lab.eus\/es\/wp-json\/wp\/v2\/media?parent=81776"}],"wp:term":[{"taxonomy":"category","embeddable":true,"href":"https:\/\/www.lab.eus\/es\/wp-json\/wp\/v2\/categories?post=81776"},{"taxonomy":"post_tag","embeddable":true,"href":"https:\/\/www.lab.eus\/es\/wp-json\/wp\/v2\/tags?post=81776"}],"curies":[{"name":"wp","href":"https:\/\/api.w.org\/{rel}","templated":true}]}}