{"id":81711,"date":"2025-06-20T08:22:33","date_gmt":"2025-06-20T08:22:33","guid":{"rendered":"https:\/\/www.lab.eus\/?p=81711"},"modified":"2025-06-20T08:22:36","modified_gmt":"2025-06-20T08:22:36","slug":"lab-consigue-una-victoria-judicial-que-supone-poner-fin-a-la-discriminacion-salarial-de-las-y-los-estibadores-del-puerto-de-bilbo","status":"publish","type":"post","link":"https:\/\/www.lab.eus\/es\/lab-consigue-una-victoria-judicial-que-supone-poner-fin-a-la-discriminacion-salarial-de-las-y-los-estibadores-del-puerto-de-bilbo\/","title":{"rendered":"LAB consigue una victoria judicial que supone poner fin a la discriminaci\u00f3n salarial de las y los estibadores del Puerto de Bilbo"},"content":{"rendered":"\n<p>LAB celebra una nueva victoria en defensa de los derechos laborales. El pasado mi\u00e9rcoles, 18 de junio de 2025, el Tribunal Superior de Justicia del Pa\u00eds Vasco dict\u00f3 una sentencia favorable que pone fin a una situaci\u00f3n de discriminaci\u00f3n salarial que afectaba a buena parte de la plantilla del sector de la estiba en el Puerto de Bilbo.<\/p>\n\n\n\n<p>En 2005, el convenio colectivo suprimi\u00f3 el complemento de antig\u00fcedad para quienes fueron contratados y contratadas a partir de esa fecha, manteni\u00e9ndolo solo para quienes ya formaban parte de la plantilla. Esta diferencia ha generado una clara desigualdad entre trabajadoras y trabajadores que desempe\u00f1an las mismas funciones pero perciben condiciones retributivas distintas.<\/p>\n\n\n\n<p>\u00bfQu\u00e9 implica esta sentencia?<\/p>\n\n\n\n<p>-Fin de la discriminaci\u00f3n salarial: se abre la v\u00eda para corregir esta injusticia hist\u00f3rica y garantizar el principio de igualdad.<\/p>\n\n\n\n<p>-Reconocimiento de derechos adquiridos: el fallo desmonta la arbitrariedad de una pr\u00e1ctica empresarial que perpetuaba desigualdades injustificadas.<\/p>\n\n\n\n<p>-Refuerzo sindical: este logro demuestra que la lucha organizada desde LAB da resultados concretos y tangibles.<\/p>\n\n\n\n<p>Esta sentencia afecta a m\u00e1s de 150 estibadores y estibadoras. Aquellos y aquellas que a\u00fan no han iniciado acciones judiciales podr\u00e1n hacerlo, ya que BILBO ESTIBA adeuda m\u00e1s de 1.500 euros anuales por trabajador o trabajadora. Estas cantidades deber\u00e1n ser incorporadas a la masa salarial en los pr\u00f3ximos a\u00f1os, sin distinci\u00f3n entre quienes comenzaron a trabajar antes o despu\u00e9s de 2005.<\/p>\n\n\n\n<p>LAB hace un llamamiento a la patronal para no recurrir la sentencia y acatar el fallo, y anuncia que seguir\u00e1 luchando por la igualdad plena en las condiciones laborales del sector.<\/p>\n\n\n\n<p>.<\/p>\n","protected":false},"excerpt":{"rendered":"<p>LAB celebra una nueva victoria en defensa de los derechos laborales. El pasado mi\u00e9rcoles, 18 de junio de 2025, el Tribunal Superior de Justicia del Pa\u00eds Vasco dict\u00f3 una sentencia favorable que pone fin a una situaci\u00f3n de discriminaci\u00f3n salarial que afectaba a buena parte de la plantilla del sector de la estiba en el [&hellip;]<\/p>\n","protected":false},"author":1191,"featured_media":77055,"comment_status":"closed","ping_status":"closed","sticky":false,"template":"","format":"standard","meta":{"_monsterinsights_skip_tracking":false,"_monsterinsights_sitenote_active":false,"_monsterinsights_sitenote_note":"","_monsterinsights_sitenote_category":0,"footnotes":"","_links_to":"","_links_to_target":""},"categories":[18,2867,8],"tags":[3033,3178,5300,3066,5301,3172],"class_list":{"0":"post-81711","1":"post","2":"type-post","3":"status-publish","4":"format-standard","5":"has-post-thumbnail","7":"category-es-accion-sindical","8":"category-federaciones","9":"category-es-servicios-privados","10":"tag-accion-sindical-es","11":"tag-destacado-1","12":"tag-estiba","13":"tag-federaciones-es","14":"tag-puerto-de-bilbo","15":"tag-servicios-privados-es"},"_links":{"self":[{"href":"https:\/\/www.lab.eus\/es\/wp-json\/wp\/v2\/posts\/81711","targetHints":{"allow":["GET"]}}],"collection":[{"href":"https:\/\/www.lab.eus\/es\/wp-json\/wp\/v2\/posts"}],"about":[{"href":"https:\/\/www.lab.eus\/es\/wp-json\/wp\/v2\/types\/post"}],"author":[{"embeddable":true,"href":"https:\/\/www.lab.eus\/es\/wp-json\/wp\/v2\/users\/1191"}],"replies":[{"embeddable":true,"href":"https:\/\/www.lab.eus\/es\/wp-json\/wp\/v2\/comments?post=81711"}],"version-history":[{"count":1,"href":"https:\/\/www.lab.eus\/es\/wp-json\/wp\/v2\/posts\/81711\/revisions"}],"predecessor-version":[{"id":81712,"href":"https:\/\/www.lab.eus\/es\/wp-json\/wp\/v2\/posts\/81711\/revisions\/81712"}],"wp:featuredmedia":[{"embeddable":true,"href":"https:\/\/www.lab.eus\/es\/wp-json\/wp\/v2\/media\/77055"}],"wp:attachment":[{"href":"https:\/\/www.lab.eus\/es\/wp-json\/wp\/v2\/media?parent=81711"}],"wp:term":[{"taxonomy":"category","embeddable":true,"href":"https:\/\/www.lab.eus\/es\/wp-json\/wp\/v2\/categories?post=81711"},{"taxonomy":"post_tag","embeddable":true,"href":"https:\/\/www.lab.eus\/es\/wp-json\/wp\/v2\/tags?post=81711"}],"curies":[{"name":"wp","href":"https:\/\/api.w.org\/{rel}","templated":true}]}}