{"id":81704,"date":"2025-06-20T11:57:58","date_gmt":"2025-06-20T11:57:58","guid":{"rendered":"https:\/\/www.lab.eus\/?p=81704"},"modified":"2025-06-20T11:58:04","modified_gmt":"2025-06-20T11:58:04","slug":"reivindicamos-la-vuelta-a-casa-de-las-y-los-presos-y-una-resolucion-integral-en-las-capitales-de-hego-euskal-herria","status":"publish","type":"post","link":"https:\/\/www.lab.eus\/es\/reivindicamos-la-vuelta-a-casa-de-las-y-los-presos-y-una-resolucion-integral-en-las-capitales-de-hego-euskal-herria\/","title":{"rendered":"Reivindicamos la vuelta a casa de las y los presos y una resoluci\u00f3n integral en las capitales de Hego Euskal Herria"},"content":{"rendered":"\n<p>Los sindicatos LAB, ELA, ESK, STEILAS, CGT\/LKN, HIRU, EHNE y Etxalde, junto con Sare Herritarra, hemos realizado hoy movilizaciones en Bilbo, Donostia, Gasteiz e Iru\u00f1ea para reivindicar la vuelta a casa de las y los presos vascos y una resoluci\u00f3n integral.<\/p>\n\n\n\n<p>El responsable de Acci\u00f3n Social de LAB, Endika P\u00e9rez, ha se\u00f1alado en la movilizaci\u00f3n de Bilbo que \u201ces hora de cerrar una etapa, de que toda y todos los presos pol\u00edticos vascos est\u00e9n en libertad\u201d. Ha destacado que el cierre de esta etapa es \u201cde justicia\u201d: \u201cHa habido muchas personas que han causado y han sufrido da\u00f1os en 50 a\u00f1os de conflicto armado. Las v\u00edctimas de ETA han recibido el reconocimiento y los autores de los actos de violencia han cumplido largas condenas bajo la injusta pol\u00edtica penitenciaria de excepci\u00f3n. Sin embargo, el Estado espa\u00f1ol no ha reconocido a las victimas que ha causado y  apenas ha habido procedimientos judiciales contra esta violencia. Ha destacado que este \u00abdesequilibrio\u00bb no se soluciona con m\u00e1s c\u00e1rceles, \u201csino con el reconocimiento de todas las v\u00edctimas y con la asunci\u00f3n de responsabilidades propias\u201d.<\/p>\n\n\n\n<p>P\u00e9rez ha subrayado que la vuelta a casa de todas y todos los presos pol\u00edticos vascos contribuir\u00e1 a cerrar la etapa del conflicto y a estabilizar la de la convivencia, y ha subrayado que LAB reivindica la convivencia, en el sentido m\u00e1s profundo de la palabra: \u00abAl igual que en el mundo, en Euskal Herria queremos que todas y todoss los ciudadanos sean due\u00f1os de sus derechos. Queremos que tengan una vida digna. Queremos dejar atr\u00e1s todo tipo de violencia, exclusi\u00f3n y expropiaci\u00f3n\u00bb.<\/p>\n\n\n\n<p><strong>Aqu\u00ed, la declaraci\u00f3n le\u00edda en las movilizaciones de hoy:<\/strong><\/p>\n\n\n\n<p>Sare y la mayor\u00eda sindical vasca, nos reunimos hoy para llevar a cabo la segunda y \u00faltima movilizaci\u00f3n convocada este curso 2024-2025. Una vez m\u00e1s, la mayor\u00eda sindical vasca se une a Sare Herritarra, a la reivindicaci\u00f3n de la superaci\u00f3n de las consecuencias creadas por<br>a\u00f1os de conflicto y, por supuesto, a la reivindicaci\u00f3n de paz, resoluci\u00f3n y convivencia. <\/p>\n\n\n\n<p>El a\u00f1o que viene se cumplir\u00e1n 15 a\u00f1os desde que ETA abandonara su actividad armada y todav\u00eda la sociedad vasca sigue padeciendo las consecuencias de tanto sufrimiento. Los sindicatos reunidos hoy, nos reafirmamos en nuestro compromiso de trabajar para aportar en aras de dar el salto a escenarios de convivencia que tanto ans\u00eda nuestra sociedad. Porque es necesario, si queremos mirar hacia el futuro, dar por solucionadas las consecuencias que nos amarran al pasado. <\/p>\n\n\n\n<p>Cuando hablamos de consecuencias, hablamos de las victimas que ha dejado el sufrimiento al que hacemos referencia. Y nos referimos a la necesidad que tienen todas esas victimas de conocer la verdad y ser reparadas y reconocidas por las instituciones. Y<br>hablamos tambien de esos 56 presos vascos que, como consecuencia de esas leyes y pol\u00edticas de excepci\u00f3n, est\u00e1n cumpliendo sus condenas en r\u00e9gimen cerrado, as\u00ed como de los exiliados y deportados.<\/p>\n\n\n\n<p>Es responsabilidad de partidos, agentes sociales y pol\u00edticos, sindicatos y, de la sociedad de Euskal Herria en general, aportar para llegar a escenarios de convivencia. Es responsabilidad de todos nosotros seguir trabajando por la resoluci\u00f3n, aportando cada cual<br>desde nuestra posici\u00f3n.<\/p>\n\n\n\n<p>Los sindicatos que representamos a la mayor\u00eda de la clase trabajadora vasca nos reafirmamos hoy con ese compromiso. Nos reafirmamos con el compromiso de aportar en la resoluci\u00f3n de las consecuencias del conflicto. No dejemos alargar m\u00e1s el sufrimiento. <\/p>\n\n\n\n<p>Los y las presas, refugiadas y deportadas vascas a los centros de trabajo!<\/p>\n\n\n\n<figure class=\"wp-block-gallery has-nested-images columns-default is-cropped wp-block-gallery-1 is-layout-flex wp-block-gallery-is-layout-flex\">\n<figure class=\"wp-block-image size-large\"><img loading=\"lazy\" decoding=\"async\" width=\"1024\" height=\"683\" data-id=\"81744\" src=\"https:\/\/www.lab.eus\/wp-content\/uploads\/2025\/06\/1-1024x683.jpg\" alt=\"\" class=\"wp-image-81744\" srcset=\"https:\/\/www.lab.eus\/wp-content\/uploads\/2025\/06\/1-1024x683.jpg 1024w, https:\/\/www.lab.eus\/wp-content\/uploads\/2025\/06\/1-300x200.jpg 300w, https:\/\/www.lab.eus\/wp-content\/uploads\/2025\/06\/1-768x512.jpg 768w, https:\/\/www.lab.eus\/wp-content\/uploads\/2025\/06\/1-1536x1024.jpg 1536w, https:\/\/www.lab.eus\/wp-content\/uploads\/2025\/06\/1-2048x1365.jpg 2048w, https:\/\/www.lab.eus\/wp-content\/uploads\/2025\/06\/1-630x420.jpg 630w, https:\/\/www.lab.eus\/wp-content\/uploads\/2025\/06\/1-150x100.jpg 150w, https:\/\/www.lab.eus\/wp-content\/uploads\/2025\/06\/1-696x464.jpg 696w, https:\/\/www.lab.eus\/wp-content\/uploads\/2025\/06\/1-1068x712.jpg 1068w, https:\/\/www.lab.eus\/wp-content\/uploads\/2025\/06\/1-1920x1280.jpg 1920w\" sizes=\"auto, (max-width: 1024px) 100vw, 1024px\" \/><figcaption class=\"wp-element-caption\">Bilbo<\/figcaption><\/figure>\n\n\n\n<figure class=\"wp-block-image size-large\"><img loading=\"lazy\" decoding=\"async\" width=\"1024\" height=\"683\" data-id=\"81737\" src=\"https:\/\/www.lab.eus\/wp-content\/uploads\/2025\/06\/2-1024x683.jpg\" alt=\"\" class=\"wp-image-81737\" srcset=\"https:\/\/www.lab.eus\/wp-content\/uploads\/2025\/06\/2-1024x683.jpg 1024w, https:\/\/www.lab.eus\/wp-content\/uploads\/2025\/06\/2-300x200.jpg 300w, https:\/\/www.lab.eus\/wp-content\/uploads\/2025\/06\/2-768x512.jpg 768w, https:\/\/www.lab.eus\/wp-content\/uploads\/2025\/06\/2-1536x1024.jpg 1536w, https:\/\/www.lab.eus\/wp-content\/uploads\/2025\/06\/2-2048x1365.jpg 2048w, https:\/\/www.lab.eus\/wp-content\/uploads\/2025\/06\/2-630x420.jpg 630w, https:\/\/www.lab.eus\/wp-content\/uploads\/2025\/06\/2-150x100.jpg 150w, https:\/\/www.lab.eus\/wp-content\/uploads\/2025\/06\/2-696x464.jpg 696w, https:\/\/www.lab.eus\/wp-content\/uploads\/2025\/06\/2-1068x712.jpg 1068w, https:\/\/www.lab.eus\/wp-content\/uploads\/2025\/06\/2-1920x1280.jpg 1920w\" sizes=\"auto, (max-width: 1024px) 100vw, 1024px\" \/><figcaption class=\"wp-element-caption\">Bilbo<\/figcaption><\/figure>\n\n\n\n<figure class=\"wp-block-image size-large\"><img loading=\"lazy\" decoding=\"async\" width=\"1024\" height=\"683\" data-id=\"81747\" src=\"https:\/\/www.lab.eus\/wp-content\/uploads\/2025\/06\/3-1024x683.jpg\" alt=\"\" class=\"wp-image-81747\" srcset=\"https:\/\/www.lab.eus\/wp-content\/uploads\/2025\/06\/3-1024x683.jpg 1024w, https:\/\/www.lab.eus\/wp-content\/uploads\/2025\/06\/3-300x200.jpg 300w, https:\/\/www.lab.eus\/wp-content\/uploads\/2025\/06\/3-768x512.jpg 768w, https:\/\/www.lab.eus\/wp-content\/uploads\/2025\/06\/3-1536x1024.jpg 1536w, https:\/\/www.lab.eus\/wp-content\/uploads\/2025\/06\/3-2048x1365.jpg 2048w, https:\/\/www.lab.eus\/wp-content\/uploads\/2025\/06\/3-630x420.jpg 630w, https:\/\/www.lab.eus\/wp-content\/uploads\/2025\/06\/3-150x100.jpg 150w, https:\/\/www.lab.eus\/wp-content\/uploads\/2025\/06\/3-696x464.jpg 696w, https:\/\/www.lab.eus\/wp-content\/uploads\/2025\/06\/3-1068x712.jpg 1068w, https:\/\/www.lab.eus\/wp-content\/uploads\/2025\/06\/3-1920x1280.jpg 1920w\" sizes=\"auto, (max-width: 1024px) 100vw, 1024px\" \/><figcaption class=\"wp-element-caption\">Bilbo<\/figcaption><\/figure>\n\n\n\n<figure class=\"wp-block-image size-large\"><img loading=\"lazy\" decoding=\"async\" width=\"1024\" height=\"683\" data-id=\"81739\" src=\"https:\/\/www.lab.eus\/wp-content\/uploads\/2025\/06\/4-1024x683.jpg\" alt=\"\" class=\"wp-image-81739\" srcset=\"https:\/\/www.lab.eus\/wp-content\/uploads\/2025\/06\/4-1024x683.jpg 1024w, https:\/\/www.lab.eus\/wp-content\/uploads\/2025\/06\/4-300x200.jpg 300w, https:\/\/www.lab.eus\/wp-content\/uploads\/2025\/06\/4-768x512.jpg 768w, https:\/\/www.lab.eus\/wp-content\/uploads\/2025\/06\/4-1536x1024.jpg 1536w, https:\/\/www.lab.eus\/wp-content\/uploads\/2025\/06\/4-2048x1365.jpg 2048w, https:\/\/www.lab.eus\/wp-content\/uploads\/2025\/06\/4-630x420.jpg 630w, https:\/\/www.lab.eus\/wp-content\/uploads\/2025\/06\/4-150x100.jpg 150w, https:\/\/www.lab.eus\/wp-content\/uploads\/2025\/06\/4-696x464.jpg 696w, https:\/\/www.lab.eus\/wp-content\/uploads\/2025\/06\/4-1068x712.jpg 1068w, https:\/\/www.lab.eus\/wp-content\/uploads\/2025\/06\/4-1920x1280.jpg 1920w\" sizes=\"auto, (max-width: 1024px) 100vw, 1024px\" \/><figcaption class=\"wp-element-caption\">Donostia<\/figcaption><\/figure>\n\n\n\n<figure class=\"wp-block-image size-large\"><img loading=\"lazy\" decoding=\"async\" width=\"1024\" height=\"683\" data-id=\"81741\" src=\"https:\/\/www.lab.eus\/wp-content\/uploads\/2025\/06\/5-1024x683.jpg\" alt=\"\" class=\"wp-image-81741\" srcset=\"https:\/\/www.lab.eus\/wp-content\/uploads\/2025\/06\/5-1024x683.jpg 1024w, https:\/\/www.lab.eus\/wp-content\/uploads\/2025\/06\/5-300x200.jpg 300w, https:\/\/www.lab.eus\/wp-content\/uploads\/2025\/06\/5-768x512.jpg 768w, https:\/\/www.lab.eus\/wp-content\/uploads\/2025\/06\/5-1536x1024.jpg 1536w, https:\/\/www.lab.eus\/wp-content\/uploads\/2025\/06\/5-2048x1365.jpg 2048w, https:\/\/www.lab.eus\/wp-content\/uploads\/2025\/06\/5-630x420.jpg 630w, https:\/\/www.lab.eus\/wp-content\/uploads\/2025\/06\/5-150x100.jpg 150w, https:\/\/www.lab.eus\/wp-content\/uploads\/2025\/06\/5-696x464.jpg 696w, https:\/\/www.lab.eus\/wp-content\/uploads\/2025\/06\/5-1068x712.jpg 1068w, https:\/\/www.lab.eus\/wp-content\/uploads\/2025\/06\/5-1920x1280.jpg 1920w\" sizes=\"auto, (max-width: 1024px) 100vw, 1024px\" \/><figcaption class=\"wp-element-caption\">Donostia<\/figcaption><\/figure>\n\n\n\n<figure class=\"wp-block-image size-large\"><img loading=\"lazy\" decoding=\"async\" width=\"1024\" height=\"683\" data-id=\"81735\" src=\"https:\/\/www.lab.eus\/wp-content\/uploads\/2025\/06\/6-1024x683.jpg\" alt=\"\" class=\"wp-image-81735\" srcset=\"https:\/\/www.lab.eus\/wp-content\/uploads\/2025\/06\/6-1024x683.jpg 1024w, https:\/\/www.lab.eus\/wp-content\/uploads\/2025\/06\/6-300x200.jpg 300w, https:\/\/www.lab.eus\/wp-content\/uploads\/2025\/06\/6-768x512.jpg 768w, https:\/\/www.lab.eus\/wp-content\/uploads\/2025\/06\/6-1536x1024.jpg 1536w, https:\/\/www.lab.eus\/wp-content\/uploads\/2025\/06\/6-2048x1365.jpg 2048w, https:\/\/www.lab.eus\/wp-content\/uploads\/2025\/06\/6-630x420.jpg 630w, https:\/\/www.lab.eus\/wp-content\/uploads\/2025\/06\/6-150x100.jpg 150w, https:\/\/www.lab.eus\/wp-content\/uploads\/2025\/06\/6-696x464.jpg 696w, https:\/\/www.lab.eus\/wp-content\/uploads\/2025\/06\/6-1068x712.jpg 1068w, https:\/\/www.lab.eus\/wp-content\/uploads\/2025\/06\/6-1920x1280.jpg 1920w\" sizes=\"auto, (max-width: 1024px) 100vw, 1024px\" \/><figcaption class=\"wp-element-caption\">Donostia<\/figcaption><\/figure>\n\n\n\n<figure class=\"wp-block-image size-large\"><img loading=\"lazy\" decoding=\"async\" width=\"1024\" height=\"768\" data-id=\"81743\" src=\"https:\/\/www.lab.eus\/wp-content\/uploads\/2025\/06\/7-1024x768.jpg\" alt=\"\" class=\"wp-image-81743\" srcset=\"https:\/\/www.lab.eus\/wp-content\/uploads\/2025\/06\/7-1024x768.jpg 1024w, https:\/\/www.lab.eus\/wp-content\/uploads\/2025\/06\/7-300x225.jpg 300w, https:\/\/www.lab.eus\/wp-content\/uploads\/2025\/06\/7-768x576.jpg 768w, https:\/\/www.lab.eus\/wp-content\/uploads\/2025\/06\/7-1536x1152.jpg 1536w, https:\/\/www.lab.eus\/wp-content\/uploads\/2025\/06\/7-2048x1536.jpg 2048w, https:\/\/www.lab.eus\/wp-content\/uploads\/2025\/06\/7-560x420.jpg 560w, https:\/\/www.lab.eus\/wp-content\/uploads\/2025\/06\/7-80x60.jpg 80w, https:\/\/www.lab.eus\/wp-content\/uploads\/2025\/06\/7-150x113.jpg 150w, https:\/\/www.lab.eus\/wp-content\/uploads\/2025\/06\/7-696x522.jpg 696w, https:\/\/www.lab.eus\/wp-content\/uploads\/2025\/06\/7-1068x801.jpg 1068w, https:\/\/www.lab.eus\/wp-content\/uploads\/2025\/06\/7-1920x1440.jpg 1920w\" sizes=\"auto, (max-width: 1024px) 100vw, 1024px\" \/><figcaption class=\"wp-element-caption\">Gasteiz<\/figcaption><\/figure>\n\n\n\n<figure class=\"wp-block-image size-large\"><img loading=\"lazy\" decoding=\"async\" width=\"1024\" height=\"683\" data-id=\"81725\" src=\"https:\/\/www.lab.eus\/wp-content\/uploads\/2025\/06\/8-1024x683.jpg\" alt=\"\" class=\"wp-image-81725\" srcset=\"https:\/\/www.lab.eus\/wp-content\/uploads\/2025\/06\/8-1024x683.jpg 1024w, https:\/\/www.lab.eus\/wp-content\/uploads\/2025\/06\/8-300x200.jpg 300w, https:\/\/www.lab.eus\/wp-content\/uploads\/2025\/06\/8-768x512.jpg 768w, https:\/\/www.lab.eus\/wp-content\/uploads\/2025\/06\/8-1536x1024.jpg 1536w, https:\/\/www.lab.eus\/wp-content\/uploads\/2025\/06\/8-630x420.jpg 630w, https:\/\/www.lab.eus\/wp-content\/uploads\/2025\/06\/8-150x100.jpg 150w, https:\/\/www.lab.eus\/wp-content\/uploads\/2025\/06\/8-696x464.jpg 696w, https:\/\/www.lab.eus\/wp-content\/uploads\/2025\/06\/8-1068x712.jpg 1068w, https:\/\/www.lab.eus\/wp-content\/uploads\/2025\/06\/8.jpg 1620w\" sizes=\"auto, (max-width: 1024px) 100vw, 1024px\" \/><figcaption class=\"wp-element-caption\">Gasteiz<\/figcaption><\/figure>\n\n\n\n<figure class=\"wp-block-image size-large\"><img loading=\"lazy\" decoding=\"async\" width=\"1024\" height=\"683\" data-id=\"81731\" src=\"https:\/\/www.lab.eus\/wp-content\/uploads\/2025\/06\/9-1024x683.jpg\" alt=\"\" class=\"wp-image-81731\" srcset=\"https:\/\/www.lab.eus\/wp-content\/uploads\/2025\/06\/9-1024x683.jpg 1024w, https:\/\/www.lab.eus\/wp-content\/uploads\/2025\/06\/9-300x200.jpg 300w, https:\/\/www.lab.eus\/wp-content\/uploads\/2025\/06\/9-768x512.jpg 768w, https:\/\/www.lab.eus\/wp-content\/uploads\/2025\/06\/9-1536x1024.jpg 1536w, https:\/\/www.lab.eus\/wp-content\/uploads\/2025\/06\/9-630x420.jpg 630w, https:\/\/www.lab.eus\/wp-content\/uploads\/2025\/06\/9-150x100.jpg 150w, https:\/\/www.lab.eus\/wp-content\/uploads\/2025\/06\/9-696x464.jpg 696w, https:\/\/www.lab.eus\/wp-content\/uploads\/2025\/06\/9-1068x712.jpg 1068w, https:\/\/www.lab.eus\/wp-content\/uploads\/2025\/06\/9.jpg 1620w\" sizes=\"auto, (max-width: 1024px) 100vw, 1024px\" \/><figcaption class=\"wp-element-caption\">Gasteiz<\/figcaption><\/figure>\n\n\n\n<figure class=\"wp-block-image size-large\"><img loading=\"lazy\" decoding=\"async\" width=\"1024\" height=\"768\" data-id=\"81727\" src=\"https:\/\/www.lab.eus\/wp-content\/uploads\/2025\/06\/10-1024x768.jpg\" alt=\"\" class=\"wp-image-81727\" srcset=\"https:\/\/www.lab.eus\/wp-content\/uploads\/2025\/06\/10-1024x768.jpg 1024w, https:\/\/www.lab.eus\/wp-content\/uploads\/2025\/06\/10-300x225.jpg 300w, https:\/\/www.lab.eus\/wp-content\/uploads\/2025\/06\/10-768x576.jpg 768w, https:\/\/www.lab.eus\/wp-content\/uploads\/2025\/06\/10-560x420.jpg 560w, https:\/\/www.lab.eus\/wp-content\/uploads\/2025\/06\/10-80x60.jpg 80w, https:\/\/www.lab.eus\/wp-content\/uploads\/2025\/06\/10-150x113.jpg 150w, https:\/\/www.lab.eus\/wp-content\/uploads\/2025\/06\/10-696x522.jpg 696w, https:\/\/www.lab.eus\/wp-content\/uploads\/2025\/06\/10-1068x801.jpg 1068w, https:\/\/www.lab.eus\/wp-content\/uploads\/2025\/06\/10.jpg 1280w\" sizes=\"auto, (max-width: 1024px) 100vw, 1024px\" \/><figcaption class=\"wp-element-caption\">Iru\u00f1ea<\/figcaption><\/figure>\n\n\n\n<figure class=\"wp-block-image size-large\"><img loading=\"lazy\" decoding=\"async\" width=\"1024\" height=\"768\" data-id=\"81733\" src=\"https:\/\/www.lab.eus\/wp-content\/uploads\/2025\/06\/11-1024x768.jpg\" alt=\"\" class=\"wp-image-81733\" srcset=\"https:\/\/www.lab.eus\/wp-content\/uploads\/2025\/06\/11-1024x768.jpg 1024w, https:\/\/www.lab.eus\/wp-content\/uploads\/2025\/06\/11-300x225.jpg 300w, https:\/\/www.lab.eus\/wp-content\/uploads\/2025\/06\/11-768x576.jpg 768w, https:\/\/www.lab.eus\/wp-content\/uploads\/2025\/06\/11-560x420.jpg 560w, https:\/\/www.lab.eus\/wp-content\/uploads\/2025\/06\/11-80x60.jpg 80w, https:\/\/www.lab.eus\/wp-content\/uploads\/2025\/06\/11-150x113.jpg 150w, https:\/\/www.lab.eus\/wp-content\/uploads\/2025\/06\/11-696x522.jpg 696w, https:\/\/www.lab.eus\/wp-content\/uploads\/2025\/06\/11-1068x801.jpg 1068w, https:\/\/www.lab.eus\/wp-content\/uploads\/2025\/06\/11.jpg 1280w\" sizes=\"auto, (max-width: 1024px) 100vw, 1024px\" \/><figcaption class=\"wp-element-caption\">Iru\u00f1ea<\/figcaption><\/figure>\n\n\n\n<figure class=\"wp-block-image size-large\"><img loading=\"lazy\" decoding=\"async\" width=\"1024\" height=\"768\" data-id=\"81728\" src=\"https:\/\/www.lab.eus\/wp-content\/uploads\/2025\/06\/12-1024x768.jpg\" alt=\"\" class=\"wp-image-81728\" srcset=\"https:\/\/www.lab.eus\/wp-content\/uploads\/2025\/06\/12-1024x768.jpg 1024w, https:\/\/www.lab.eus\/wp-content\/uploads\/2025\/06\/12-300x225.jpg 300w, https:\/\/www.lab.eus\/wp-content\/uploads\/2025\/06\/12-768x576.jpg 768w, https:\/\/www.lab.eus\/wp-content\/uploads\/2025\/06\/12-560x420.jpg 560w, https:\/\/www.lab.eus\/wp-content\/uploads\/2025\/06\/12-80x60.jpg 80w, https:\/\/www.lab.eus\/wp-content\/uploads\/2025\/06\/12-150x113.jpg 150w, https:\/\/www.lab.eus\/wp-content\/uploads\/2025\/06\/12-696x522.jpg 696w, https:\/\/www.lab.eus\/wp-content\/uploads\/2025\/06\/12-1068x801.jpg 1068w, https:\/\/www.lab.eus\/wp-content\/uploads\/2025\/06\/12.jpg 1280w\" sizes=\"auto, (max-width: 1024px) 100vw, 1024px\" \/><figcaption class=\"wp-element-caption\">Iru\u00f1ea<\/figcaption><\/figure>\n<\/figure>\n","protected":false},"excerpt":{"rendered":"<p>Los sindicatos LAB, ELA, ESK, STEILAS, CGT\/LKN, HIRU, EHNE y Etxalde, junto con Sare Herritarra, hemos realizado hoy movilizaciones en Bilbo, Donostia, Gasteiz e Iru\u00f1ea para reivindicar la vuelta a casa de las y los presos vascos y una resoluci\u00f3n integral.<\/p>\n","protected":false},"author":1191,"featured_media":81723,"comment_status":"closed","ping_status":"closed","sticky":false,"template":"","format":"standard","meta":{"_monsterinsights_skip_tracking":false,"_monsterinsights_sitenote_active":false,"_monsterinsights_sitenote_note":"","_monsterinsights_sitenote_category":0,"footnotes":"","_links_to":"","_links_to_target":""},"categories":[3402,3301],"tags":[3178,3279],"class_list":{"0":"post-81704","1":"post","2":"type-post","3":"status-publish","4":"format-standard","5":"has-post-thumbnail","7":"category-accion-politica","8":"category-euskal-herria-es-2","9":"tag-destacado-1","10":"tag-portada-es"},"_links":{"self":[{"href":"https:\/\/www.lab.eus\/es\/wp-json\/wp\/v2\/posts\/81704","targetHints":{"allow":["GET"]}}],"collection":[{"href":"https:\/\/www.lab.eus\/es\/wp-json\/wp\/v2\/posts"}],"about":[{"href":"https:\/\/www.lab.eus\/es\/wp-json\/wp\/v2\/types\/post"}],"author":[{"embeddable":true,"href":"https:\/\/www.lab.eus\/es\/wp-json\/wp\/v2\/users\/1191"}],"replies":[{"embeddable":true,"href":"https:\/\/www.lab.eus\/es\/wp-json\/wp\/v2\/comments?post=81704"}],"version-history":[{"count":3,"href":"https:\/\/www.lab.eus\/es\/wp-json\/wp\/v2\/posts\/81704\/revisions"}],"predecessor-version":[{"id":81773,"href":"https:\/\/www.lab.eus\/es\/wp-json\/wp\/v2\/posts\/81704\/revisions\/81773"}],"wp:featuredmedia":[{"embeddable":true,"href":"https:\/\/www.lab.eus\/es\/wp-json\/wp\/v2\/media\/81723"}],"wp:attachment":[{"href":"https:\/\/www.lab.eus\/es\/wp-json\/wp\/v2\/media?parent=81704"}],"wp:term":[{"taxonomy":"category","embeddable":true,"href":"https:\/\/www.lab.eus\/es\/wp-json\/wp\/v2\/categories?post=81704"},{"taxonomy":"post_tag","embeddable":true,"href":"https:\/\/www.lab.eus\/es\/wp-json\/wp\/v2\/tags?post=81704"}],"curies":[{"name":"wp","href":"https:\/\/api.w.org\/{rel}","templated":true}]}}