{"id":81671,"date":"2025-06-19T14:01:01","date_gmt":"2025-06-19T14:01:01","guid":{"rendered":"https:\/\/www.lab.eus\/?p=81671"},"modified":"2025-06-20T12:49:55","modified_gmt":"2025-06-20T12:49:55","slug":"hemos-presentado-el-acuerdo-social-tabla-reivindicativa-de-araba-fruto-de-un-proceso-colectivo","status":"publish","type":"post","link":"https:\/\/www.lab.eus\/es\/hemos-presentado-el-acuerdo-social-tabla-reivindicativa-de-araba-fruto-de-un-proceso-colectivo\/","title":{"rendered":"Hemos presentado el Acuerdo Social\u2013Tabla Reivindicativa de Araba, fruto de un proceso colectivo"},"content":{"rendered":"\n<p>Hace una semana presentamos en Gasteiz el Acuerdo Social de Araba\u2013Tabla Reivindicativa de Cuidados. Se trata de una tabla de reivindicaciones que recoge diversas exigencias y cambios necesarios para transformar el actual sistema de cuidados desde Araba. Es el resultado de un proceso desarrollado en todo el curso dentro de la din\u00e1mica Denon Bizitzak Erdigunera, fruto del debate y consenso entre agentes sociales alaveses, personas a t\u00edtulo individual, trabajadoras del sector de los cuidados y diversos sindicatos. Hemos construido esta propuesta en colaboraci\u00f3n con el Movimiento Feminista y tambi\u00e9n junto con ATCHA (Asociaci\u00f3n de Trabajadoras del Hogar y Cuidados de \u00c1lava), el colectivo de pensionistas, la cooperativa Enara, Ernai, el grupo feminista juvenil Harramazka, Zaintza Araba, los sindicatos LAB, ESK y Steilas, diferentes colectivos feministas comarcales, Lumagorri&#8230;<\/p>\n\n\n\n<p>Queremos utilizar esta herramienta para generar alianzas entre diferentes agentes, se\u00f1alar y presionar a las instituciones y lograr cambios reales en el sistema de cuidados.<\/p>\n\n\n\n<p>Desde el sindicato LAB, mostramos nuestro compromiso para seguir trabajando en esa direcci\u00f3n: hacemos un llamamiento a difundir, leer, compartir, socializar al m\u00e1ximo el Acuerdo Social de Araba y a estar atentas a los pr\u00f3ximos pasos.<\/p>\n\n\n\n<p>Aqu\u00ed se puede leer la Tabla Reivindicativa:<\/p>\n\n\n\n<figure class=\"wp-block-gallery has-nested-images columns-default is-cropped wp-block-gallery-1 is-layout-flex wp-block-gallery-is-layout-flex\">\n<figure class=\"wp-block-image size-large\"><img loading=\"lazy\" decoding=\"async\" width=\"1024\" height=\"724\" data-id=\"81680\" src=\"https:\/\/www.lab.eus\/wp-content\/uploads\/2025\/06\/LIBURUXKA-CAS-1-1024x724.jpg\" alt=\"\" class=\"wp-image-81680\" srcset=\"https:\/\/www.lab.eus\/wp-content\/uploads\/2025\/06\/LIBURUXKA-CAS-1-1024x724.jpg 1024w, https:\/\/www.lab.eus\/wp-content\/uploads\/2025\/06\/LIBURUXKA-CAS-1-300x212.jpg 300w, https:\/\/www.lab.eus\/wp-content\/uploads\/2025\/06\/LIBURUXKA-CAS-1-768x543.jpg 768w, https:\/\/www.lab.eus\/wp-content\/uploads\/2025\/06\/LIBURUXKA-CAS-1-1536x1086.jpg 1536w, https:\/\/www.lab.eus\/wp-content\/uploads\/2025\/06\/LIBURUXKA-CAS-1-2048x1448.jpg 2048w, https:\/\/www.lab.eus\/wp-content\/uploads\/2025\/06\/LIBURUXKA-CAS-1-594x420.jpg 594w, https:\/\/www.lab.eus\/wp-content\/uploads\/2025\/06\/LIBURUXKA-CAS-1-150x106.jpg 150w, https:\/\/www.lab.eus\/wp-content\/uploads\/2025\/06\/LIBURUXKA-CAS-1-696x492.jpg 696w, https:\/\/www.lab.eus\/wp-content\/uploads\/2025\/06\/LIBURUXKA-CAS-1-1068x755.jpg 1068w, https:\/\/www.lab.eus\/wp-content\/uploads\/2025\/06\/LIBURUXKA-CAS-1-1920x1357.jpg 1920w\" sizes=\"auto, (max-width: 1024px) 100vw, 1024px\" \/><\/figure>\n\n\n\n<figure class=\"wp-block-image size-large\"><img loading=\"lazy\" decoding=\"async\" width=\"1024\" height=\"724\" data-id=\"81782\" src=\"https:\/\/www.lab.eus\/wp-content\/uploads\/2025\/06\/LIBURUXKA-CAS-1024x724.jpg\" alt=\"\" class=\"wp-image-81782\" srcset=\"https:\/\/www.lab.eus\/wp-content\/uploads\/2025\/06\/LIBURUXKA-CAS-1024x724.jpg 1024w, https:\/\/www.lab.eus\/wp-content\/uploads\/2025\/06\/LIBURUXKA-CAS-300x212.jpg 300w, https:\/\/www.lab.eus\/wp-content\/uploads\/2025\/06\/LIBURUXKA-CAS-768x543.jpg 768w, https:\/\/www.lab.eus\/wp-content\/uploads\/2025\/06\/LIBURUXKA-CAS-1536x1086.jpg 1536w, https:\/\/www.lab.eus\/wp-content\/uploads\/2025\/06\/LIBURUXKA-CAS-2048x1448.jpg 2048w, https:\/\/www.lab.eus\/wp-content\/uploads\/2025\/06\/LIBURUXKA-CAS-594x420.jpg 594w, https:\/\/www.lab.eus\/wp-content\/uploads\/2025\/06\/LIBURUXKA-CAS-150x106.jpg 150w, https:\/\/www.lab.eus\/wp-content\/uploads\/2025\/06\/LIBURUXKA-CAS-696x492.jpg 696w, https:\/\/www.lab.eus\/wp-content\/uploads\/2025\/06\/LIBURUXKA-CAS-1068x755.jpg 1068w, https:\/\/www.lab.eus\/wp-content\/uploads\/2025\/06\/LIBURUXKA-CAS-1920x1358.jpg 1920w\" sizes=\"auto, (max-width: 1024px) 100vw, 1024px\" \/><\/figure>\n<\/figure>\n","protected":false},"excerpt":{"rendered":"<p>Queremos utilizar esta herramienta para generar alianzas entre diferentes agentes, se\u00f1alar y presionar a las instituciones y lograr cambios reales en el sistema de cuidados.<\/p>\n","protected":false},"author":1191,"featured_media":81672,"comment_status":"closed","ping_status":"closed","sticky":false,"template":"","format":"standard","meta":{"_monsterinsights_skip_tracking":false,"_monsterinsights_sitenote_active":false,"_monsterinsights_sitenote_note":"","_monsterinsights_sitenote_category":0,"footnotes":"","_links_to":"","_links_to_target":""},"categories":[18,3281,2973],"tags":[3033,3178],"class_list":{"0":"post-81671","1":"post","2":"type-post","3":"status-publish","4":"format-standard","5":"has-post-thumbnail","7":"category-es-accion-sindical","8":"category-secretaria-feminista","9":"category-secretarias","10":"tag-accion-sindical-es","11":"tag-destacado-1"},"_links":{"self":[{"href":"https:\/\/www.lab.eus\/es\/wp-json\/wp\/v2\/posts\/81671","targetHints":{"allow":["GET"]}}],"collection":[{"href":"https:\/\/www.lab.eus\/es\/wp-json\/wp\/v2\/posts"}],"about":[{"href":"https:\/\/www.lab.eus\/es\/wp-json\/wp\/v2\/types\/post"}],"author":[{"embeddable":true,"href":"https:\/\/www.lab.eus\/es\/wp-json\/wp\/v2\/users\/1191"}],"replies":[{"embeddable":true,"href":"https:\/\/www.lab.eus\/es\/wp-json\/wp\/v2\/comments?post=81671"}],"version-history":[{"count":5,"href":"https:\/\/www.lab.eus\/es\/wp-json\/wp\/v2\/posts\/81671\/revisions"}],"predecessor-version":[{"id":81784,"href":"https:\/\/www.lab.eus\/es\/wp-json\/wp\/v2\/posts\/81671\/revisions\/81784"}],"wp:featuredmedia":[{"embeddable":true,"href":"https:\/\/www.lab.eus\/es\/wp-json\/wp\/v2\/media\/81672"}],"wp:attachment":[{"href":"https:\/\/www.lab.eus\/es\/wp-json\/wp\/v2\/media?parent=81671"}],"wp:term":[{"taxonomy":"category","embeddable":true,"href":"https:\/\/www.lab.eus\/es\/wp-json\/wp\/v2\/categories?post=81671"},{"taxonomy":"post_tag","embeddable":true,"href":"https:\/\/www.lab.eus\/es\/wp-json\/wp\/v2\/tags?post=81671"}],"curies":[{"name":"wp","href":"https:\/\/api.w.org\/{rel}","templated":true}]}}