{"id":81662,"date":"2025-06-19T13:52:27","date_gmt":"2025-06-19T13:52:27","guid":{"rendered":"https:\/\/www.lab.eus\/?p=81662"},"modified":"2025-06-19T13:52:30","modified_gmt":"2025-06-19T13:52:30","slug":"lab-exige-a-las-patronales-de-centros-de-iniciativa-social-de-la-cav-kristau-eskola-y-aice-izea-el-cumplimiento-del-acuerdo-de-fin-de-huelga","status":"publish","type":"post","link":"https:\/\/www.lab.eus\/es\/lab-exige-a-las-patronales-de-centros-de-iniciativa-social-de-la-cav-kristau-eskola-y-aice-izea-el-cumplimiento-del-acuerdo-de-fin-de-huelga\/","title":{"rendered":"LAB exige a las patronales de centros de iniciativa social de la CAV Kristau Eskola y AICE-IZEA el cumplimiento del acuerdo de fin de huelga"},"content":{"rendered":"\n<p>Las patronales han decidido no aplicar la bajada de horas lectivas que estaba acordada. LAB ha realizado concentraciones hoy en los centros La Salle, de Zarautz, y Berrio Otxoak, de Bilbo.<\/p>\n\n\n\n<p>La semana pasada, tras la celebraci\u00f3n de la 34\u00aa mesa negociadora, las patronales de centros de iniciativa social de la CAV Kristau Eskola y AICE-IZEA se\u00f1alaron que no reducir\u00edan el n\u00famero de horas lectivas para el curso 2025-2026. As\u00ed, han dejado de lado lo acordado y conseguido por los trabajadores y trabajadoras del sector el 5 de febrero de 2024, tras realizar 14 d\u00edas de huelga.<\/p>\n\n\n\n<p>Han pasado 16 meses y se han celebrado 15 mesas negociadoras desde la firma del acuerdo que supuso el fin de las huelgas, y las patronales se han posicionado bloqueando la firma del nuevo convenio e incumpliendo el mencionado acuerdo. Como muestro de ello, no aplicar\u00e1n la reducci\u00f3n de horas lectivas acordada para el curso 2025-2026 en ninguna de las etapas educativas.<\/p>\n\n\n\n<p>La reducci\u00f3n de horas lectivas tiene vital importancia en la reducci\u00f3n de cargas de trabajo, la calidad de la educacion del alumnado, la creaci\u00f3n de empleo, la no destrucci\u00f3n de puestos de trabajo, etc.<\/p>\n\n\n\n<p>El curso escolar est\u00e1 llegando a su fin y ahora que se acaban de cerrar o se est\u00e1n cerrando las actas del procedimiento de recolocaci\u00f3n para no perder puestos de trabajo, LAB no acepta que esta medida no se vaya a poner en marcha para el pr\u00f3ximo curso.<\/p>\n\n\n\n<p>Por ello, LAB, ante los incumplimientos de lo acordado, anuncia que activar\u00e1 tanto la v\u00eda jur\u00eddica como la acci\u00f3n sindical.<\/p>\n\n\n\n<p><\/p>\n\n\n\n<figure class=\"wp-block-image size-large\"><img loading=\"lazy\" decoding=\"async\" width=\"901\" height=\"1024\" src=\"https:\/\/www.lab.eus\/wp-content\/uploads\/2025\/06\/Berri-Otxoa-1-901x1024.jpeg\" alt=\"\" class=\"wp-image-81663\" srcset=\"https:\/\/www.lab.eus\/wp-content\/uploads\/2025\/06\/Berri-Otxoa-1-901x1024.jpeg 901w, https:\/\/www.lab.eus\/wp-content\/uploads\/2025\/06\/Berri-Otxoa-1-264x300.jpeg 264w, https:\/\/www.lab.eus\/wp-content\/uploads\/2025\/06\/Berri-Otxoa-1-768x873.jpeg 768w, https:\/\/www.lab.eus\/wp-content\/uploads\/2025\/06\/Berri-Otxoa-1-369x420.jpeg 369w, https:\/\/www.lab.eus\/wp-content\/uploads\/2025\/06\/Berri-Otxoa-1-150x171.jpeg 150w, https:\/\/www.lab.eus\/wp-content\/uploads\/2025\/06\/Berri-Otxoa-1-300x341.jpeg 300w, https:\/\/www.lab.eus\/wp-content\/uploads\/2025\/06\/Berri-Otxoa-1-696x791.jpeg 696w, https:\/\/www.lab.eus\/wp-content\/uploads\/2025\/06\/Berri-Otxoa-1-1068x1214.jpeg 1068w, https:\/\/www.lab.eus\/wp-content\/uploads\/2025\/06\/Berri-Otxoa-1.jpeg 1126w\" sizes=\"auto, (max-width: 901px) 100vw, 901px\" \/><\/figure>\n","protected":false},"excerpt":{"rendered":"<p>Las patronales han decidido no aplicar la bajada de horas lectivas que estaba acordada. LAB ha realizado concentraciones hoy en los centros La Salle, de Zarautz, y Berrio Otxoak, de Bilbo. La semana pasada, tras la celebraci\u00f3n de la 34\u00aa mesa negociadora, las patronales de centros de iniciativa social de la CAV Kristau Eskola y [&hellip;]<\/p>\n","protected":false},"author":1191,"featured_media":81660,"comment_status":"closed","ping_status":"closed","sticky":false,"template":"","format":"standard","meta":{"_monsterinsights_skip_tracking":false,"_monsterinsights_sitenote_active":false,"_monsterinsights_sitenote_note":"","_monsterinsights_sitenote_category":0,"footnotes":"","_links_to":"","_links_to_target":""},"categories":[18,3053,33,2867,6],"tags":[3033,3802,3178,3194,3066,4290,3171],"class_list":{"0":"post-81662","1":"post","2":"type-post","3":"status-publish","4":"format-standard","5":"has-post-thumbnail","7":"category-es-accion-sindical","8":"category-centros-iniciativa-social","9":"category-es-ensenanza","10":"category-federaciones","11":"category-es-servicios-publicos","12":"tag-accion-sindical-es","13":"tag-centros-de-iniciativa-social","14":"tag-destacado-1","15":"tag-ensenanza-es","16":"tag-federaciones-es","17":"tag-iniciativa-social","18":"tag-servicios-publicos-es"},"_links":{"self":[{"href":"https:\/\/www.lab.eus\/es\/wp-json\/wp\/v2\/posts\/81662","targetHints":{"allow":["GET"]}}],"collection":[{"href":"https:\/\/www.lab.eus\/es\/wp-json\/wp\/v2\/posts"}],"about":[{"href":"https:\/\/www.lab.eus\/es\/wp-json\/wp\/v2\/types\/post"}],"author":[{"embeddable":true,"href":"https:\/\/www.lab.eus\/es\/wp-json\/wp\/v2\/users\/1191"}],"replies":[{"embeddable":true,"href":"https:\/\/www.lab.eus\/es\/wp-json\/wp\/v2\/comments?post=81662"}],"version-history":[{"count":1,"href":"https:\/\/www.lab.eus\/es\/wp-json\/wp\/v2\/posts\/81662\/revisions"}],"predecessor-version":[{"id":81665,"href":"https:\/\/www.lab.eus\/es\/wp-json\/wp\/v2\/posts\/81662\/revisions\/81665"}],"wp:featuredmedia":[{"embeddable":true,"href":"https:\/\/www.lab.eus\/es\/wp-json\/wp\/v2\/media\/81660"}],"wp:attachment":[{"href":"https:\/\/www.lab.eus\/es\/wp-json\/wp\/v2\/media?parent=81662"}],"wp:term":[{"taxonomy":"category","embeddable":true,"href":"https:\/\/www.lab.eus\/es\/wp-json\/wp\/v2\/categories?post=81662"},{"taxonomy":"post_tag","embeddable":true,"href":"https:\/\/www.lab.eus\/es\/wp-json\/wp\/v2\/tags?post=81662"}],"curies":[{"name":"wp","href":"https:\/\/api.w.org\/{rel}","templated":true}]}}