{"id":81652,"date":"2025-06-19T12:39:33","date_gmt":"2025-06-19T12:39:33","guid":{"rendered":"https:\/\/www.lab.eus\/?p=81652"},"modified":"2025-06-19T12:39:35","modified_gmt":"2025-06-19T12:39:35","slug":"hemos-reclamado-fortalecer-la-sanidad-publica-en-bilbo-donostia-y-gasteiz","status":"publish","type":"post","link":"https:\/\/www.lab.eus\/es\/hemos-reclamado-fortalecer-la-sanidad-publica-en-bilbo-donostia-y-gasteiz\/","title":{"rendered":"Hemos reclamado fortalecer la sanidad p\u00fablica en Bilbo, Donostia y Gasteiz"},"content":{"rendered":"\n<p>Los sindicatos LAB, ELA y ESK se han concentrado en Gasteiz (Hospital de Txagorritxu), Bilbo (Basurto) y Donostia para exigir soluciones reales en Osakidetza. Del mismo modo, se han sumado a las movilizaciones convocadas por las plataformas ciudadanas por la sanidad p\u00fablica OPA herri plataformak para la tarde de hoy.<\/p>\n\n\n\n<p>Las OPA Herri Plataformak denuncian que \u201ctras ocho meses de trabajo, el Pacto de Salud ha estado marcado por la exclusi\u00f3n de agentes sociales y profesionales clave en la defensa de la sanidad p\u00fablica, mientras se ha dado voz a universidades privadas y a la patronal Confebask, cuyos intereses est\u00e1n ligados al negocio de la salud\u201d. Desde las plataformas se quejan que \u201ceste proceso ha sido opaco y antidemocr\u00e1tico, evitando abordar el problema central: la privatizaci\u00f3n y las pol\u00edticas de colaboraci\u00f3n p\u00fablico-privada\u201d. Seg\u00fan la nota que han publicado, el Pacto Vasco de Salud no es m\u00e1s que un lavado de cara para esconder la responsabilidad del gobierno en la crisis y el deterioro de Osakidetza.<\/p>\n\n\n\n<p>Adem\u00e1s de la denuncia, las plataformas por la sanidad p\u00fablica han elaborado una propuesta de modelo sanitario que refuerza la sanidad p\u00fablica y garantiza el derecho a la salud de todas las personas, con especial atenci\u00f3n a las personas m\u00e1s vulnerables. Entre las medidas: un compromiso firme por una sanidad 100% p\u00fablica, rechazo a la colaboraci\u00f3n p\u00fablico-privada y a las horas extras, aumento urgente de la inversi\u00f3n sanitaria para alcanzar la media europea, priorizar la Atenci\u00f3n Primaria, Recuperaci\u00f3n de la atenci\u00f3n presencial plena, con tiempos m\u00ednimos de consulta de 15 minutos y demoras m\u00e1ximas de dos d\u00edas, garantizar una plantilla suficiente y estable para evitar la fuga de profesionales, reducci\u00f3n significativa de las listas de espera con recursos propios y control p\u00fablico, gesti\u00f3n democr\u00e1tica, participativa y transparente del sistema sanitario y creaci\u00f3n de un hospital comarcal p\u00fablico en Tolosaldea.<\/p>\n\n\n\n<p>Consideran que, \u201cante la falta de medidas correctoras y la continuidad de las pol\u00edticas privatizadoras, es necesario mantener la presi\u00f3n social para exigir al Gobierno Vasco que escuchen el rechazo de la ciudadan\u00eda y busquen soluciones reales a los problemas estructurales que padece la sanidad p\u00fablica\u201d.<\/p>\n\n\n\n<figure class=\"wp-block-gallery has-nested-images columns-default is-cropped wp-block-gallery-1 is-layout-flex wp-block-gallery-is-layout-flex\">\n<figure class=\"wp-block-image size-large\"><img loading=\"lazy\" decoding=\"async\" width=\"833\" height=\"340\" data-id=\"81650\" src=\"https:\/\/www.lab.eus\/wp-content\/uploads\/2025\/06\/Donostia.jpeg\" alt=\"\" class=\"wp-image-81650\" srcset=\"https:\/\/www.lab.eus\/wp-content\/uploads\/2025\/06\/Donostia.jpeg 833w, https:\/\/www.lab.eus\/wp-content\/uploads\/2025\/06\/Donostia-300x122.jpeg 300w, https:\/\/www.lab.eus\/wp-content\/uploads\/2025\/06\/Donostia-768x313.jpeg 768w, https:\/\/www.lab.eus\/wp-content\/uploads\/2025\/06\/Donostia-150x61.jpeg 150w, https:\/\/www.lab.eus\/wp-content\/uploads\/2025\/06\/Donostia-696x284.jpeg 696w\" sizes=\"auto, (max-width: 833px) 100vw, 833px\" \/><\/figure>\n\n\n\n<figure class=\"wp-block-image size-large\"><img loading=\"lazy\" decoding=\"async\" width=\"1024\" height=\"602\" data-id=\"81648\" src=\"https:\/\/www.lab.eus\/wp-content\/uploads\/2025\/06\/Basurto-1-1024x602.jpeg\" alt=\"\" class=\"wp-image-81648\" srcset=\"https:\/\/www.lab.eus\/wp-content\/uploads\/2025\/06\/Basurto-1-1024x602.jpeg 1024w, https:\/\/www.lab.eus\/wp-content\/uploads\/2025\/06\/Basurto-1-300x176.jpeg 300w, https:\/\/www.lab.eus\/wp-content\/uploads\/2025\/06\/Basurto-1-768x452.jpeg 768w, https:\/\/www.lab.eus\/wp-content\/uploads\/2025\/06\/Basurto-1-1536x903.jpeg 1536w, https:\/\/www.lab.eus\/wp-content\/uploads\/2025\/06\/Basurto-1-714x420.jpeg 714w, https:\/\/www.lab.eus\/wp-content\/uploads\/2025\/06\/Basurto-1-150x88.jpeg 150w, https:\/\/www.lab.eus\/wp-content\/uploads\/2025\/06\/Basurto-1-696x409.jpeg 696w, https:\/\/www.lab.eus\/wp-content\/uploads\/2025\/06\/Basurto-1-1068x628.jpeg 1068w, https:\/\/www.lab.eus\/wp-content\/uploads\/2025\/06\/Basurto-1.jpeg 1600w\" sizes=\"auto, (max-width: 1024px) 100vw, 1024px\" \/><\/figure>\n<\/figure>\n","protected":false},"excerpt":{"rendered":"<p>Los sindicatos LAB, ELA y ESK se han concentrado en Gasteiz (Hospital de Txagorritxu), Bilbo (Basurto) y Donostia para exigir soluciones reales en Osakidetza. Del mismo modo, se han sumado a las movilizaciones convocadas por las plataformas ciudadanas por la sanidad p\u00fablica OPA herri plataformak para la tarde de hoy. Las OPA Herri Plataformak denuncian [&hellip;]<\/p>\n","protected":false},"author":1191,"featured_media":81653,"comment_status":"closed","ping_status":"closed","sticky":false,"template":"","format":"standard","meta":{"_monsterinsights_skip_tracking":false,"_monsterinsights_sitenote_active":false,"_monsterinsights_sitenote_note":"","_monsterinsights_sitenote_category":0,"footnotes":"","_links_to":"","_links_to_target":""},"categories":[18,2867,6],"tags":[3033,3178,5159,5294,2984,4884,4962,3100,3171],"class_list":{"0":"post-81652","1":"post","2":"type-post","3":"status-publish","4":"format-standard","5":"has-post-thumbnail","7":"category-es-accion-sindical","8":"category-federaciones","9":"category-es-servicios-publicos","10":"tag-accion-sindical-es","11":"tag-destacado-1","12":"tag-opa","13":"tag-opa-herri-plataformak","14":"tag-osakidetza-2","15":"tag-osasun-ituna","16":"tag-osasun-mahaia","17":"tag-sanidad-es","18":"tag-servicios-publicos-es"},"_links":{"self":[{"href":"https:\/\/www.lab.eus\/es\/wp-json\/wp\/v2\/posts\/81652","targetHints":{"allow":["GET"]}}],"collection":[{"href":"https:\/\/www.lab.eus\/es\/wp-json\/wp\/v2\/posts"}],"about":[{"href":"https:\/\/www.lab.eus\/es\/wp-json\/wp\/v2\/types\/post"}],"author":[{"embeddable":true,"href":"https:\/\/www.lab.eus\/es\/wp-json\/wp\/v2\/users\/1191"}],"replies":[{"embeddable":true,"href":"https:\/\/www.lab.eus\/es\/wp-json\/wp\/v2\/comments?post=81652"}],"version-history":[{"count":1,"href":"https:\/\/www.lab.eus\/es\/wp-json\/wp\/v2\/posts\/81652\/revisions"}],"predecessor-version":[{"id":81655,"href":"https:\/\/www.lab.eus\/es\/wp-json\/wp\/v2\/posts\/81652\/revisions\/81655"}],"wp:featuredmedia":[{"embeddable":true,"href":"https:\/\/www.lab.eus\/es\/wp-json\/wp\/v2\/media\/81653"}],"wp:attachment":[{"href":"https:\/\/www.lab.eus\/es\/wp-json\/wp\/v2\/media?parent=81652"}],"wp:term":[{"taxonomy":"category","embeddable":true,"href":"https:\/\/www.lab.eus\/es\/wp-json\/wp\/v2\/categories?post=81652"},{"taxonomy":"post_tag","embeddable":true,"href":"https:\/\/www.lab.eus\/es\/wp-json\/wp\/v2\/tags?post=81652"}],"curies":[{"name":"wp","href":"https:\/\/api.w.org\/{rel}","templated":true}]}}