{"id":81627,"date":"2025-06-18T15:06:57","date_gmt":"2025-06-18T15:06:57","guid":{"rendered":"https:\/\/www.lab.eus\/?p=81627"},"modified":"2025-06-18T15:07:00","modified_gmt":"2025-06-18T15:07:00","slug":"con-el-objetivo-de-conseguir-un-sistema-publico-de-cuidados-las-y-los-trabajadores-de-intervencion-social-de-araba-reclaman-la-mejora-de-condiciones-laborales-y-la-equiparacion","status":"publish","type":"post","link":"https:\/\/www.lab.eus\/es\/con-el-objetivo-de-conseguir-un-sistema-publico-de-cuidados-las-y-los-trabajadores-de-intervencion-social-de-araba-reclaman-la-mejora-de-condiciones-laborales-y-la-equiparacion\/","title":{"rendered":"Con el objetivo de conseguir un sistema p\u00fablico de cuidados, las y los trabajadores de intervenci\u00f3n social de Araba reclaman la mejora de condiciones laborales y la equiparaci\u00f3n"},"content":{"rendered":"\n<p>Hoy se han concentrado en Gasteiz, ante la sede de la Diputaci\u00f3n Foral de Araba.<\/p>\n\n\n\n<p>Desde hace ya m\u00e1s de medio a\u00f1o, los sindicatos LAB, ELA, CCOO y ESK llevamos reuni\u00e9ndose con regularidad y han conseguido aunar fuerzas con el objetivo de lograr un nuevo convenio para el sector de intervenci\u00f3n social de Araba. Su objetivo es claro: mejorar las condiciones laborales de todas las personas trabajadoras con el horizonte de la equiparaci\u00f3n con el sector p\u00fablico, bajo la idea de que los trabajos de cuidados deben de ser p\u00fablicos.<\/p>\n\n\n\n<p>En ese camino, recogieron las reivindicaciones de las plantillas y han confeccionado una plataforma que fue entregada hace ya varios meses a la patronal. A d\u00eda de hoy, no tienen contestaci\u00f3n a todas las reivindicaciones.<\/p>\n\n\n\n<p>Pero la patronal AISA no parece estar por la labor. Lleva meses bloqueando la negociaci\u00f3n, retrasando reuniones y todav\u00eda, tras meses de espera, no tienen respuesta a sus reivindicaciones. En la \u00faltima reuni\u00f3n, la patronal utiliz\u00f3 la excusa de un nombramiento de asesor para que la mesa no avanzara. Dice tener una propuesta, pero pasan los meses y no entrega nada.<\/p>\n\n\n\n<p>Con la movilizaci\u00f3n de hoy, los sindicatos han querido denunciar la actitud de la patronal AISA y su nula voluntad de negociaci\u00f3n. Desde el sector no se va a aceptar dilatar la negociaci\u00f3n. Los sindicatos se\u00f1alan que tiene experiencia con la anterior mesa, y que por ah\u00ed no van a pasar.<\/p>\n\n\n\n<p>Las y los trabajadores quieren una negociaci\u00f3n real que suponga una mejora clara de sus condiciones laborales en la b\u00fasqueda de la equiparaci\u00f3n. En caso de no ser as\u00ed, y siendo hoy el pistoletazo de salida a la din\u00e1mica movilizadora, no descartan m\u00e1s acciones, ni la huelga.<\/p>\n","protected":false},"excerpt":{"rendered":"<p>Hoy se han concentrado en Gasteiz, ante la sede de la Diputaci\u00f3n Foral de Araba. Desde hace ya m\u00e1s de medio a\u00f1o, los sindicatos LAB, ELA, CCOO y ESK llevamos reuni\u00e9ndose con regularidad y han conseguido aunar fuerzas con el objetivo de lograr un nuevo convenio para el sector de intervenci\u00f3n social de Araba. Su [&hellip;]<\/p>\n","protected":false},"author":1191,"featured_media":81624,"comment_status":"closed","ping_status":"closed","sticky":false,"template":"","format":"standard","meta":{"_monsterinsights_skip_tracking":false,"_monsterinsights_sitenote_active":false,"_monsterinsights_sitenote_note":"","_monsterinsights_sitenote_category":0,"footnotes":"","_links_to":"","_links_to_target":""},"categories":[18,2867,3119,3000,6,3283],"tags":[3033,3178,3066,3220,3171,3272],"class_list":{"0":"post-81627","1":"post","2":"type-post","3":"status-publish","4":"format-standard","5":"has-post-thumbnail","7":"category-es-accion-sindical","8":"category-federaciones","9":"category-intervencion-y-accion-social","10":"category-servicio-sociocomunitario","11":"category-es-servicios-publicos","12":"category-sin-categorizar","13":"tag-accion-sindical-es","14":"tag-destacado-1","15":"tag-federaciones-es","16":"tag-intervencion-social","17":"tag-servicios-publicos-es","18":"tag-sociocomunitario-es"},"_links":{"self":[{"href":"https:\/\/www.lab.eus\/es\/wp-json\/wp\/v2\/posts\/81627","targetHints":{"allow":["GET"]}}],"collection":[{"href":"https:\/\/www.lab.eus\/es\/wp-json\/wp\/v2\/posts"}],"about":[{"href":"https:\/\/www.lab.eus\/es\/wp-json\/wp\/v2\/types\/post"}],"author":[{"embeddable":true,"href":"https:\/\/www.lab.eus\/es\/wp-json\/wp\/v2\/users\/1191"}],"replies":[{"embeddable":true,"href":"https:\/\/www.lab.eus\/es\/wp-json\/wp\/v2\/comments?post=81627"}],"version-history":[{"count":1,"href":"https:\/\/www.lab.eus\/es\/wp-json\/wp\/v2\/posts\/81627\/revisions"}],"predecessor-version":[{"id":81628,"href":"https:\/\/www.lab.eus\/es\/wp-json\/wp\/v2\/posts\/81627\/revisions\/81628"}],"wp:featuredmedia":[{"embeddable":true,"href":"https:\/\/www.lab.eus\/es\/wp-json\/wp\/v2\/media\/81624"}],"wp:attachment":[{"href":"https:\/\/www.lab.eus\/es\/wp-json\/wp\/v2\/media?parent=81627"}],"wp:term":[{"taxonomy":"category","embeddable":true,"href":"https:\/\/www.lab.eus\/es\/wp-json\/wp\/v2\/categories?post=81627"},{"taxonomy":"post_tag","embeddable":true,"href":"https:\/\/www.lab.eus\/es\/wp-json\/wp\/v2\/tags?post=81627"}],"curies":[{"name":"wp","href":"https:\/\/api.w.org\/{rel}","templated":true}]}}