{"id":81610,"date":"2025-06-18T13:28:02","date_gmt":"2025-06-18T13:28:02","guid":{"rendered":"https:\/\/www.lab.eus\/?p=81610"},"modified":"2025-06-18T13:28:04","modified_gmt":"2025-06-18T13:28:04","slug":"comunicado-conjunto-de-lab-eh-bildu-sumar-iu-satse-ccoo-ugt-y-los-colegios-oficiales-de-trabajo-social-de-araba-bizkaia-y-gipuzkoa-sobre-los-ultimos-acontecimientos-en-lo-relativo-al-pacto-de-sa","status":"publish","type":"post","link":"https:\/\/www.lab.eus\/es\/comunicado-conjunto-de-lab-eh-bildu-sumar-iu-satse-ccoo-ugt-y-los-colegios-oficiales-de-trabajo-social-de-araba-bizkaia-y-gipuzkoa-sobre-los-ultimos-acontecimientos-en-lo-relativo-al-pacto-de-sa\/","title":{"rendered":"Comunicado conjunto de LAB, EH BILDU, SUMAR-IU, SATSE, CCOO, UGT y los Colegios Oficiales de Trabajo Social de Araba, Bizkaia y Gipuzkoa sobre los \u00faltimos acontecimientos en lo relativo al Pacto de Salud"},"content":{"rendered":"\n<p>Ayer se reuni\u00f3 el grupo de trabajo \u201cColaboraci\u00f3n P\u00fablico-Privada\u201d del Pacto de Salud, a petici\u00f3n de sus integrantes, tras el intento del Departamento de Salud de modificar unilateralmente un objetivo previamente consensuado.<\/p>\n\n\n\n<p>Desgraciadamente, en dicha reuni\u00f3n se volvi\u00f3 a evidenciar una falta de consenso en algo que consideramos elemental y que este mismo grupo ya aprob\u00f3 por mayor\u00eda: reforzar el sistema p\u00fablico vasco de salud priorizando la prestaci\u00f3n del servicio mediante medios p\u00fablicos y propios, reduciendo progresivamente su dependencia del sector privado, y poniendo al ciudadano\/a en el centro.<\/p>\n\n\n\n<p>Rechazamos rotundamente que se ignoren o sustituyan propuestas acordadas por el grupo solo porque no son del inter\u00e9s del Gobierno o de Confebask. Por ejemplo, en la reuni\u00f3n de ayer del grupo de trabajo, forzaron la aprobaci\u00f3n de una propuesta no elaborada en dicho grupo, una propuesta unilateral del Departamento de Salud.<\/p>\n\n\n\n<p>Consideramos que el proceso del Pacto de Salud ha llegado a un momento muy delicado, y que lo que toca ahora es, m\u00e1s que nunca, poner negro sobre blanco el compromiso para reducir la privatizaci\u00f3n y recuperar la autosuficiencia del sistema p\u00fablico de salud.<\/p>\n\n\n\n<p>Es por esto que, siendo coherentes y responsables con el ingente trabajo desempe\u00f1ado hasta la fecha, seguimos dispuestos a impulsar acciones que busquen el fortalecimiento de una Osakidetza p\u00fablica y de calidad.<\/p>\n\n\n\n<p>Por lo tanto, en la fase de enmiendas que ahora comienza, pondremos todo nuestro empe\u00f1o en introducir medidas que frenen los efectos de la privatizaci\u00f3n, avanzar hacia una publificaci\u00f3n real del sistema y recoger pronunciamientos concretos, m\u00e1s all\u00e1 de los an\u00e1lisis ef\u00edmeros, los t\u00f3picos y los discursos vac\u00edos de compromisos reales.<\/p>\n","protected":false},"excerpt":{"rendered":"<p>Ayer se reuni\u00f3 el grupo de trabajo \u201cColaboraci\u00f3n P\u00fablico-Privada\u201d del Pacto de Salud, a petici\u00f3n de sus integrantes, tras el intento del Departamento de Salud de modificar unilateralmente un objetivo previamente consensuado. Desgraciadamente, en dicha reuni\u00f3n se volvi\u00f3 a evidenciar una falta de consenso en algo que consideramos elemental y que este mismo grupo ya [&hellip;]<\/p>\n","protected":false},"author":1191,"featured_media":81608,"comment_status":"closed","ping_status":"closed","sticky":false,"template":"","format":"standard","meta":{"_monsterinsights_skip_tracking":false,"_monsterinsights_sitenote_active":false,"_monsterinsights_sitenote_note":"","_monsterinsights_sitenote_category":0,"footnotes":"","_links_to":"","_links_to_target":""},"categories":[18,2867,3097,6],"tags":[3033,3178,3066,4986,3195,3100,3171],"class_list":{"0":"post-81610","1":"post","2":"type-post","3":"status-publish","4":"format-standard","5":"has-post-thumbnail","7":"category-es-accion-sindical","8":"category-federaciones","9":"category-sanidad","10":"category-es-servicios-publicos","11":"tag-accion-sindical-es","12":"tag-destacado-1","13":"tag-federaciones-es","14":"tag-mesa-de-salud","15":"tag-osakidetza-es","16":"tag-sanidad-es","17":"tag-servicios-publicos-es"},"_links":{"self":[{"href":"https:\/\/www.lab.eus\/es\/wp-json\/wp\/v2\/posts\/81610","targetHints":{"allow":["GET"]}}],"collection":[{"href":"https:\/\/www.lab.eus\/es\/wp-json\/wp\/v2\/posts"}],"about":[{"href":"https:\/\/www.lab.eus\/es\/wp-json\/wp\/v2\/types\/post"}],"author":[{"embeddable":true,"href":"https:\/\/www.lab.eus\/es\/wp-json\/wp\/v2\/users\/1191"}],"replies":[{"embeddable":true,"href":"https:\/\/www.lab.eus\/es\/wp-json\/wp\/v2\/comments?post=81610"}],"version-history":[{"count":1,"href":"https:\/\/www.lab.eus\/es\/wp-json\/wp\/v2\/posts\/81610\/revisions"}],"predecessor-version":[{"id":81611,"href":"https:\/\/www.lab.eus\/es\/wp-json\/wp\/v2\/posts\/81610\/revisions\/81611"}],"wp:featuredmedia":[{"embeddable":true,"href":"https:\/\/www.lab.eus\/es\/wp-json\/wp\/v2\/media\/81608"}],"wp:attachment":[{"href":"https:\/\/www.lab.eus\/es\/wp-json\/wp\/v2\/media?parent=81610"}],"wp:term":[{"taxonomy":"category","embeddable":true,"href":"https:\/\/www.lab.eus\/es\/wp-json\/wp\/v2\/categories?post=81610"},{"taxonomy":"post_tag","embeddable":true,"href":"https:\/\/www.lab.eus\/es\/wp-json\/wp\/v2\/tags?post=81610"}],"curies":[{"name":"wp","href":"https:\/\/api.w.org\/{rel}","templated":true}]}}