{"id":81560,"date":"2025-06-17T11:15:50","date_gmt":"2025-06-17T11:15:50","guid":{"rendered":"https:\/\/www.lab.eus\/?p=81560"},"modified":"2025-06-17T11:15:52","modified_gmt":"2025-06-17T11:15:52","slug":"seguimiento-del-75-en-el-paro-convocado-por-lab-en-el-instituto-foral-de-la-juventud-de-araba","status":"publish","type":"post","link":"https:\/\/www.lab.eus\/es\/seguimiento-del-75-en-el-paro-convocado-por-lab-en-el-instituto-foral-de-la-juventud-de-araba\/","title":{"rendered":"Seguimiento del 75% en el paro convocado por LAB en el Instituto Foral de la Juventud de Araba"},"content":{"rendered":"\n<p>Los 65 trabajadores y trabajadoras del Instituto Foral de la Juventud (IFJ) de Araba iniciaron paros y movilizaciones la semana pasada para denunciar su situaci\u00f3n. Hoy han vuelto a movilizarse ante la sede del instituto foral en Gasteiz y volver\u00e1n a hacerlo el 21 de junio.<\/p>\n\n\n\n<p>A la pr\u00f3rroga desde la firma del \u00faltimo convenio colectivo en 2017, se le suman la escasez de plantilla y la destrucci\u00f3n de empleo habida estos \u00faltimos a\u00f1os; adem\u00e1s del recorte en inversi\u00f3n en diferentes programas, que repercute en un menor n\u00famero de plazas ofertadas para programas dirigidos a las y los m\u00e1s j\u00f3venes como son Udaraba (Udalekuak), Ikasgelak (estancias en los albergues de Barria, Espejo y Zuhatza, dirigidas al alumnado de centros escolares de Araba), o la insuficiente dotaci\u00f3n al programa Lurrikara (enfocado a la participaci\u00f3n y emancipaci\u00f3n de las y los j\u00f3venes en el entorno rural).<\/p>\n\n\n\n<p>A d\u00eda de hoy no han sido convocados a ninguna reuni\u00f3n para desbloquear la situaci\u00f3n, lo que da una muestra del escaso inter\u00e9s por parte de la Direcci\u00f3n-Gerencia y de la Diputada de Cultura y Deportes en solucionar su situaci\u00f3n.<\/p>\n\n\n\n<p>La plantilla es consciente de que sus movilizaciones pueden afectar a las y los j\u00f3venes y dem\u00e1s usuarios de los diferentes albergues del IFJ, pero cree es la \u00fanica forma de que la tengan en cuenta.<\/p>\n\n\n\n<p>Los y las trabajadoras siguen esperando a que la Direcci\u00f3n-Gerencia del IFJ y la Diputada de Cultura y Deportes de la Diputaci\u00f3n Foral de Araba (de quien depende el IFJ) entiendan la urgencia de solucionar este conflicto y se decida a invertir en los programas dirigidos a la juventud y en esta plantilla, que sigue dando lo mejor de s\u00ed para llevar adelante su compromiso para con los y las m\u00e1s j\u00f3venes.<\/p>\n\n\n\n<p><\/p>\n","protected":false},"excerpt":{"rendered":"<p>Los 65 trabajadores y trabajadoras del Instituto Foral de la Juventud (IFJ) de Araba iniciaron paros y movilizaciones la semana pasada para denunciar su situaci\u00f3n. Hoy han vuelto a movilizarse ante la sede del instituto foral en Gasteiz y volver\u00e1n a hacerlo el 21 de junio. A la pr\u00f3rroga desde la firma del \u00faltimo convenio [&hellip;]<\/p>\n","protected":false},"author":1191,"featured_media":81556,"comment_status":"closed","ping_status":"closed","sticky":false,"template":"","format":"standard","meta":{"_monsterinsights_skip_tracking":false,"_monsterinsights_sitenote_active":false,"_monsterinsights_sitenote_note":"","_monsterinsights_sitenote_category":0,"footnotes":"","_links_to":"","_links_to_target":""},"categories":[18,3108,2867,6],"tags":[3033,3450,3178,3066,5292,3171],"class_list":{"0":"post-81560","1":"post","2":"type-post","3":"status-publish","4":"format-standard","5":"has-post-thumbnail","7":"category-es-accion-sindical","8":"category-administracion-municipal-y-foral","9":"category-federaciones","10":"category-es-servicios-publicos","11":"tag-accion-sindical-es","12":"tag-administracion-local-y-foral","13":"tag-destacado-1","14":"tag-federaciones-es","15":"tag-instituto-foral-de-la-juventud","16":"tag-servicios-publicos-es"},"_links":{"self":[{"href":"https:\/\/www.lab.eus\/es\/wp-json\/wp\/v2\/posts\/81560","targetHints":{"allow":["GET"]}}],"collection":[{"href":"https:\/\/www.lab.eus\/es\/wp-json\/wp\/v2\/posts"}],"about":[{"href":"https:\/\/www.lab.eus\/es\/wp-json\/wp\/v2\/types\/post"}],"author":[{"embeddable":true,"href":"https:\/\/www.lab.eus\/es\/wp-json\/wp\/v2\/users\/1191"}],"replies":[{"embeddable":true,"href":"https:\/\/www.lab.eus\/es\/wp-json\/wp\/v2\/comments?post=81560"}],"version-history":[{"count":1,"href":"https:\/\/www.lab.eus\/es\/wp-json\/wp\/v2\/posts\/81560\/revisions"}],"predecessor-version":[{"id":81561,"href":"https:\/\/www.lab.eus\/es\/wp-json\/wp\/v2\/posts\/81560\/revisions\/81561"}],"wp:featuredmedia":[{"embeddable":true,"href":"https:\/\/www.lab.eus\/es\/wp-json\/wp\/v2\/media\/81556"}],"wp:attachment":[{"href":"https:\/\/www.lab.eus\/es\/wp-json\/wp\/v2\/media?parent=81560"}],"wp:term":[{"taxonomy":"category","embeddable":true,"href":"https:\/\/www.lab.eus\/es\/wp-json\/wp\/v2\/categories?post=81560"},{"taxonomy":"post_tag","embeddable":true,"href":"https:\/\/www.lab.eus\/es\/wp-json\/wp\/v2\/tags?post=81560"}],"curies":[{"name":"wp","href":"https:\/\/api.w.org\/{rel}","templated":true}]}}