{"id":81552,"date":"2025-06-16T14:51:09","date_gmt":"2025-06-16T14:51:09","guid":{"rendered":"https:\/\/www.lab.eus\/?p=81552"},"modified":"2025-06-16T14:51:11","modified_gmt":"2025-06-16T14:51:11","slug":"lab-ha-estado-en-marsella-junto-con-otras-companeras-de-la-marcha-mundial-de-las-mujeres-de-euskal-herria-participando-en-la-vi-accion-internacional","status":"publish","type":"post","link":"https:\/\/www.lab.eus\/es\/lab-ha-estado-en-marsella-junto-con-otras-companeras-de-la-marcha-mundial-de-las-mujeres-de-euskal-herria-participando-en-la-vi-accion-internacional\/","title":{"rendered":"LAB ha estado en Marsella, junto con otras compa\u00f1eras de la Marcha Mundial de las Mujeres* de Euskal Herria, participando en la VI Acci\u00f3n Internacional"},"content":{"rendered":"\n<p>Bajo el lema <em>\u201cNous resistons pour vivre, nous luttons pour exister!\u201d<\/em> (\u00ab\u00a1Resistimos para vivir, luchamos para existir!\u00bb), comenzaron el viernes las jornadas dentro de la VI Acci\u00f3n de la Marcha Mundial de las Mujeres*. En esta iniciativa, centrada en la violencia machista, la crisis ecosocial y las pol\u00edticas migratorias, reflexionamos tambi\u00e9n sobre la extrema derecha, la paz y la desmilitarizaci\u00f3n, la soberan\u00eda alimentaria y la participaci\u00f3n de las mujeres*.<\/p>\n\n\n\n<p>El s\u00e1bado lleg\u00f3 una amplia delegaci\u00f3n desde Euskal Herria, en unas jornadas que fueron un espacio de alianzas con delegaciones de diferentes pa\u00edses del mundo (S\u00e1hara, Suiza\u2026). Realizamos una movilizaci\u00f3n por las calles de Marsella, con gritos como <em>\u201cGora borroka (trans)feminista\u201d<\/em> o <em>\u201cSolidarit\u00e9 avec les femmes du monde entier\u201d <\/em><em>(Solidaridad con las mujeres del mundo entero)<\/em>. Adem\u00e1s, por la ma\u00f1ana participamos en una movilizaci\u00f3n intersindical para reivindicar libertad para Palestina, exigir un alto el fuego inmediato en Gaza y el acceso sin obst\u00e1culos a ayuda humanitaria, junto a otros muchos sindicatos.<\/p>\n\n\n\n<p>Adem\u00e1s de participar en la VI Acci\u00f3n Internacional, que comenz\u00f3 el 8 de marzo y se prolongar\u00e1 hasta el 17 de octubre, desde LAB reafirmamos nuestra apuesta por seguir luchando contra la guerra y el capitalismo, y a favor de la soberan\u00eda de los pueblos y unas vidas dignas.<\/p>\n","protected":false},"excerpt":{"rendered":"<p>Bajo el lema \u201cNous resistons pour vivre, nous luttons pour exister!\u201d (\u00ab\u00a1Resistimos para vivir, luchamos para existir!\u00bb), comenzaron el viernes las jornadas dentro de la VI Acci\u00f3n de la Marcha Mundial de las Mujeres*. En esta iniciativa, centrada en la violencia machista, la crisis ecosocial y las pol\u00edticas migratorias, reflexionamos tambi\u00e9n sobre la extrema derecha, [&hellip;]<\/p>\n","protected":false},"author":1191,"featured_media":81548,"comment_status":"closed","ping_status":"closed","sticky":false,"template":"","format":"standard","meta":{"_monsterinsights_skip_tracking":false,"_monsterinsights_sitenote_active":false,"_monsterinsights_sitenote_note":"","_monsterinsights_sitenote_category":0,"footnotes":"","_links_to":"","_links_to_target":""},"categories":[3281,2973],"tags":[3178,5174,5291,3518,3024],"class_list":{"0":"post-81552","1":"post","2":"type-post","3":"status-publish","4":"format-standard","5":"has-post-thumbnail","7":"category-secretaria-feminista","8":"category-secretarias","9":"tag-destacado-1","10":"tag-emakumeen-mundu-martxa-3","11":"tag-marcha-mundial-de-las-mujeres-2","12":"tag-secretaria-feminista","13":"tag-secretarias"},"_links":{"self":[{"href":"https:\/\/www.lab.eus\/es\/wp-json\/wp\/v2\/posts\/81552","targetHints":{"allow":["GET"]}}],"collection":[{"href":"https:\/\/www.lab.eus\/es\/wp-json\/wp\/v2\/posts"}],"about":[{"href":"https:\/\/www.lab.eus\/es\/wp-json\/wp\/v2\/types\/post"}],"author":[{"embeddable":true,"href":"https:\/\/www.lab.eus\/es\/wp-json\/wp\/v2\/users\/1191"}],"replies":[{"embeddable":true,"href":"https:\/\/www.lab.eus\/es\/wp-json\/wp\/v2\/comments?post=81552"}],"version-history":[{"count":1,"href":"https:\/\/www.lab.eus\/es\/wp-json\/wp\/v2\/posts\/81552\/revisions"}],"predecessor-version":[{"id":81553,"href":"https:\/\/www.lab.eus\/es\/wp-json\/wp\/v2\/posts\/81552\/revisions\/81553"}],"wp:featuredmedia":[{"embeddable":true,"href":"https:\/\/www.lab.eus\/es\/wp-json\/wp\/v2\/media\/81548"}],"wp:attachment":[{"href":"https:\/\/www.lab.eus\/es\/wp-json\/wp\/v2\/media?parent=81552"}],"wp:term":[{"taxonomy":"category","embeddable":true,"href":"https:\/\/www.lab.eus\/es\/wp-json\/wp\/v2\/categories?post=81552"},{"taxonomy":"post_tag","embeddable":true,"href":"https:\/\/www.lab.eus\/es\/wp-json\/wp\/v2\/tags?post=81552"}],"curies":[{"name":"wp","href":"https:\/\/api.w.org\/{rel}","templated":true}]}}