{"id":81488,"date":"2025-06-12T08:29:38","date_gmt":"2025-06-12T08:29:38","guid":{"rendered":"https:\/\/www.lab.eus\/?p=81488"},"modified":"2025-06-12T08:30:29","modified_gmt":"2025-06-12T08:30:29","slug":"lab-hace-un-llamamiento-a-frenar-la-turistificacion-de-donostia","status":"publish","type":"post","link":"https:\/\/www.lab.eus\/es\/lab-hace-un-llamamiento-a-frenar-la-turistificacion-de-donostia\/","title":{"rendered":"LAB hace un llamamiento a frenar la turistificaci\u00f3n de Donostia"},"content":{"rendered":"\n<p>El turismo no es un fenomeno neutral, ya que se encuentra inevitablemente condicionado por la clase, el g\u00e9nero y el origen de quien lo practica.<\/p>\n\n\n\n<p>Un alto porcentaje de la clase trabajadora, debido a unos ingresos insuficientes, no podemos visitar ning\u00fan otro rinc\u00f3n del mundo que no sea nuestro lugar de residencia. La mayor\u00eda de las mujeres* no tenemos posibilidad de hacer un uso digno de nuestras vacaciones, ya que la responsabilidad de los trabajos de cuidados, imprescindibles para el sostenimiento de la vida, suelen recaer sobre todas nosotras. Los y las trabajadoras migradas y racializadas, siendo el m\u00e1ximo reflejo de la precariedad, tenemos negada la posibilidad de gozar de d\u00edas ininterrumpidos de descanso y ocio.<\/p>\n\n\n\n<p>El fen\u00f3meno de la turistificaci\u00f3n tiene que ver directamente con el modelo de ciudad y, por lo tanto, tambi\u00e9n con las condiciones de trabajo y vida de sus trabajadoras. Se encuentra directamente unido a la problem\u00e1tica de la vivienda, y en definitiva, a la imposibilidad de poder desarrollar un proyecto de vida digno.<\/p>\n\n\n\n<p>El af\u00e1n de negocio de unos pocos se est\u00e1 anteponiendo a las necesidades de la clase trabajadora. Nuestras ciudades se han convertido en un escaparate de hipocres\u00eda y soberbia, los servicios orientados al turismo -basados en el empleo precario- se est\u00e1n multiplicando, mientras poco a poco est\u00e1n siendo eliminados aquellos elementos comunitarios necesarios para poder garantizar unas vidas que merezcan la pena ser vividas.<\/p>\n\n\n\n<p>Desde LAB llamamos a la ciudadan\u00eda a poner freno a esta situaci\u00f3n insostenible y a luchar por un modelo de ciudad que act\u00fae en beneficio de la clase trabajadora. Por todo ello, queremos mostrar nuestro m\u00e1s sincero apoyo a las movilizaciones que se llevar\u00e1n a cabo el 15 de junio en diferentes ciudades del sur de Europa y en este sentido, hacemos nuestra tambi\u00e9n la movilizaci\u00f3n convocada por BiziLagunEkin, llamando a llenar las calles de Donostia este mismo domingo.<\/p>\n\n\n\n<p>\u00a1Es aqu\u00ed donde queremos vivir! \u00a1Stop turistificaci\u00f3n!<\/p>\n","protected":false},"excerpt":{"rendered":"<p>El turismo no es un fenomeno neutral, ya que se encuentra inevitablemente condicionado por la clase, el g\u00e9nero y el origen de quien lo practica. Un alto porcentaje de la clase trabajadora, debido a unos ingresos insuficientes, no podemos visitar ning\u00fan otro rinc\u00f3n del mundo que no sea nuestro lugar de residencia. La mayor\u00eda de [&hellip;]<\/p>\n","protected":false},"author":1191,"featured_media":81486,"comment_status":"closed","ping_status":"closed","sticky":false,"template":"","format":"standard","meta":{"_monsterinsights_skip_tracking":false,"_monsterinsights_sitenote_active":false,"_monsterinsights_sitenote_note":"","_monsterinsights_sitenote_category":0,"footnotes":"","_links_to":"","_links_to_target":""},"categories":[2994],"tags":[3182,3178,3364,5282,5281,5283],"class_list":{"0":"post-81488","1":"post","2":"type-post","3":"status-publish","4":"format-standard","5":"has-post-thumbnail","7":"category-accion-social","8":"tag-accion-social-es","9":"tag-destacado-1","10":"tag-donostia-es","11":"tag-modelo-de-ciudad","12":"tag-turismo","13":"tag-turistificacion"},"_links":{"self":[{"href":"https:\/\/www.lab.eus\/es\/wp-json\/wp\/v2\/posts\/81488","targetHints":{"allow":["GET"]}}],"collection":[{"href":"https:\/\/www.lab.eus\/es\/wp-json\/wp\/v2\/posts"}],"about":[{"href":"https:\/\/www.lab.eus\/es\/wp-json\/wp\/v2\/types\/post"}],"author":[{"embeddable":true,"href":"https:\/\/www.lab.eus\/es\/wp-json\/wp\/v2\/users\/1191"}],"replies":[{"embeddable":true,"href":"https:\/\/www.lab.eus\/es\/wp-json\/wp\/v2\/comments?post=81488"}],"version-history":[{"count":2,"href":"https:\/\/www.lab.eus\/es\/wp-json\/wp\/v2\/posts\/81488\/revisions"}],"predecessor-version":[{"id":81490,"href":"https:\/\/www.lab.eus\/es\/wp-json\/wp\/v2\/posts\/81488\/revisions\/81490"}],"wp:featuredmedia":[{"embeddable":true,"href":"https:\/\/www.lab.eus\/es\/wp-json\/wp\/v2\/media\/81486"}],"wp:attachment":[{"href":"https:\/\/www.lab.eus\/es\/wp-json\/wp\/v2\/media?parent=81488"}],"wp:term":[{"taxonomy":"category","embeddable":true,"href":"https:\/\/www.lab.eus\/es\/wp-json\/wp\/v2\/categories?post=81488"},{"taxonomy":"post_tag","embeddable":true,"href":"https:\/\/www.lab.eus\/es\/wp-json\/wp\/v2\/tags?post=81488"}],"curies":[{"name":"wp","href":"https:\/\/api.w.org\/{rel}","templated":true}]}}