{"id":81474,"date":"2025-06-11T17:51:02","date_gmt":"2025-06-11T17:51:02","guid":{"rendered":"https:\/\/www.lab.eus\/?p=81474"},"modified":"2025-06-11T17:51:05","modified_gmt":"2025-06-11T17:51:05","slug":"lab-da-la-bienvenida-a-la-propuesta-de-reforma-de-la-ley-de-empleo-publico-presentada-por-eh-bildu-en-el-parlamento-porque-una-adecuada-cobertura-legal-es-imprescindible","status":"publish","type":"post","link":"https:\/\/www.lab.eus\/es\/lab-da-la-bienvenida-a-la-propuesta-de-reforma-de-la-ley-de-empleo-publico-presentada-por-eh-bildu-en-el-parlamento-porque-una-adecuada-cobertura-legal-es-imprescindible\/","title":{"rendered":"LAB da la bienvenida a la propuesta de reforma de la Ley de Empleo P\u00fablico presentada por EH Bildu en el Parlamento, porque una adecuada cobertura legal es imprescindible"},"content":{"rendered":"\n<p>Si no se adoptan medidas para restablecer los perfiles ling\u00fc\u00edsticos y garantizar los derechos, LAB promover\u00e1 contundentes movilizaciones el pr\u00f3ximo curso.<\/p>\n\n\n\n<p>En un contexto de ofensiva judicial contra la euskaldunizaci\u00f3n de la Administraci\u00f3n, esta semana hemos conocido pronunciamientos que han marcado la agenda pol\u00edtica. Desde LAB tenemos claro que una cobertura legal adecuada es imprescindible para lograr la plena normalizaci\u00f3n del euskera en la administraci\u00f3n. Por ello, exigimos la modificaci\u00f3n de la legislaci\u00f3n que permita dotar de seguridad jur\u00eddica al proceso de normalizaci\u00f3n del euskera y crear un muro de contenci\u00f3n frente a la injerencia constante de los tribunales. En este sentido, damos la bienvenida a la propuesta presentada por EH Bildu en el Parlamento para reformar la Ley de Empleo P\u00fablico.<\/p>\n\n\n\n<p>El movimiento social en defensa del euskara y los agentes euskaltzales definieron hace tiempo los t\u00e9rminos del salto que necesita la normalizaci\u00f3n del euskera: alcanzar la universalizaci\u00f3n del conocimiento del euskera en el menor tiempo posible; ampliar y proteger los espacios para el uso c\u00f3modo; acelerar la euskaldunizaci\u00f3n de la administraci\u00f3n, incorporando, entre otras cosas, a trabajadores y trabajadoras vascas en las nuevas contrataciones; pasar de la voluntariedad a la obligatoriedad en la normativa para euskaldunizar el \u00e1mbito laboral; y adoptar medidas concretas para acelerar la euskaldunizaci\u00f3n del resto de \u00e1mbitos sociales. Para que todo esto sea posible, es necesario poner en marcha una nueva pol\u00edtica ling\u00fc\u00edstica que ofrezca medios y protecci\u00f3n legal, as\u00ed como aprobar una nueva ley del euskera.<\/p>\n\n\n\n<p>Hay que fomentar que el euskera sea una herramienta de cohesi\u00f3n social y poner los medios para ello. Alimentar, como hacen desde algunos sectores, la dicotom\u00eda entre derechos ling\u00fc\u00edsticos y derechos laborales ataca directamente a esa cohesi\u00f3n social.<\/p>\n\n\n\n<p>Poder vivir y trabajar en euskera es un derecho b\u00e1sico. En este sentido, la ofensiva judicial ha incrementado las trabas que ya sufr\u00edamos los y las trabajadoras vascas para ejercer ese derecho. Para garantizar los derechos ling\u00fc\u00edsticos y avanzar en la normalizaci\u00f3n del euskera, adem\u00e1s de estrategias a medio y largo plazo, son necesarias medidas y decisiones urgentes a corto plazo. Nos parece adecuado y necesario, en ese sentido, el planteamiento de EH Bildu, que propone equiparar las exigencias de conocimiento de euskera y castellano.<\/p>\n\n\n\n<p>Por todo ello, desde LAB exigimos que se adopten las medidas necesarias para restablecer los perfiles ling\u00fc\u00edsticos y garantizar los derechos, y hacemos un llamamiento al Gobierno Vasco para que pase de las declaraciones generales a acciones concretas. De no ser as\u00ed, LAB iniciar\u00e1 contundentes movilizaciones el pr\u00f3ximo curso.<\/p>\n","protected":false},"excerpt":{"rendered":"<p>Si no se adoptan medidas para restablecer los perfiles ling\u00fc\u00edsticos y garantizar los derechos, LAB promover\u00e1 contundentes movilizaciones el pr\u00f3ximo curso.<\/p>\n","protected":false},"author":1191,"featured_media":55354,"comment_status":"closed","ping_status":"closed","sticky":false,"template":"","format":"standard","meta":{"_monsterinsights_skip_tracking":false,"_monsterinsights_sitenote_active":false,"_monsterinsights_sitenote_note":"","_monsterinsights_sitenote_category":0,"footnotes":"","_links_to":"","_links_to_target":""},"categories":[18,2867,3280,2973,6],"tags":[3033,3178,3192,3751,3024,3171],"class_list":{"0":"post-81474","1":"post","2":"type-post","3":"status-publish","4":"format-standard","5":"has-post-thumbnail","7":"category-es-accion-sindical","8":"category-federaciones","9":"category-secretaria-de-euskara","10":"category-secretarias","11":"category-es-servicios-publicos","12":"tag-accion-sindical-es","13":"tag-destacado-1","14":"tag-euskara-es","15":"tag-secretaria-de-euskara","16":"tag-secretarias","17":"tag-servicios-publicos-es"},"_links":{"self":[{"href":"https:\/\/www.lab.eus\/es\/wp-json\/wp\/v2\/posts\/81474","targetHints":{"allow":["GET"]}}],"collection":[{"href":"https:\/\/www.lab.eus\/es\/wp-json\/wp\/v2\/posts"}],"about":[{"href":"https:\/\/www.lab.eus\/es\/wp-json\/wp\/v2\/types\/post"}],"author":[{"embeddable":true,"href":"https:\/\/www.lab.eus\/es\/wp-json\/wp\/v2\/users\/1191"}],"replies":[{"embeddable":true,"href":"https:\/\/www.lab.eus\/es\/wp-json\/wp\/v2\/comments?post=81474"}],"version-history":[{"count":1,"href":"https:\/\/www.lab.eus\/es\/wp-json\/wp\/v2\/posts\/81474\/revisions"}],"predecessor-version":[{"id":81475,"href":"https:\/\/www.lab.eus\/es\/wp-json\/wp\/v2\/posts\/81474\/revisions\/81475"}],"wp:featuredmedia":[{"embeddable":true,"href":"https:\/\/www.lab.eus\/es\/wp-json\/wp\/v2\/media\/55354"}],"wp:attachment":[{"href":"https:\/\/www.lab.eus\/es\/wp-json\/wp\/v2\/media?parent=81474"}],"wp:term":[{"taxonomy":"category","embeddable":true,"href":"https:\/\/www.lab.eus\/es\/wp-json\/wp\/v2\/categories?post=81474"},{"taxonomy":"post_tag","embeddable":true,"href":"https:\/\/www.lab.eus\/es\/wp-json\/wp\/v2\/tags?post=81474"}],"curies":[{"name":"wp","href":"https:\/\/api.w.org\/{rel}","templated":true}]}}