{"id":81469,"date":"2025-06-11T16:39:50","date_gmt":"2025-06-11T16:39:50","guid":{"rendered":"https:\/\/www.lab.eus\/?p=81469"},"modified":"2025-06-11T16:39:53","modified_gmt":"2025-06-11T16:39:53","slug":"lab-denuncia-que-el-lobby-a-favor-de-la-privatizacion-ha-dado-un-golpe-de-estado-en-la-mesa-de-salud","status":"publish","type":"post","link":"https:\/\/www.lab.eus\/es\/lab-denuncia-que-el-lobby-a-favor-de-la-privatizacion-ha-dado-un-golpe-de-estado-en-la-mesa-de-salud\/","title":{"rendered":"LAB denuncia que el lobby a favor de la privatizaci\u00f3n ha dado un golpe de estado en la Mesa de Salud"},"content":{"rendered":"\n<p>En la mesa de hoy el Gobierno Vasco ha enterrado las posibilidades de un pacto para la transformaci\u00f3n de Osakidetza.<\/p>\n\n\n\n<p>Hoy se ha celebrado en Gasteiz la d\u00e9cima reuni\u00f3n de la Mesa de Salud. En ella, el Gobierno Vasco ha puesto fin al camino emprendido para fortalecer el Sistema Sanitario P\u00fablico y transformar las pol\u00edticas existentes hasta ahora, aline\u00e1ndose con el lobby privatizador para blindar las pol\u00edticas de privatizaci\u00f3n que han llevado a Osakidetza al declive; es decir, PNV, PSE, PP, Confebask y algunos colegios (como el de m\u00e9dicos o el de farmac\u00e9uticos).<\/p>\n\n\n\n<p>En la mesa de hoy se ten\u00edan que presentar los documentos trabajados de los dos \u00faltimos temas de las 24 l\u00edneas estrat\u00e9gicas: el grupo de trabajo sobre la colaboraci\u00f3n p\u00fablico-privada y el de cartera de servicios. Sin embargo, al presentar los documentos de los grupos de trabajo, el Gobierno Vasco ha hecho algo in\u00e9dito: ha dado un golpe de estado para rechazar dos objetivos que no le gustan.<\/p>\n\n\n\n<p>El Gobierno ha presentado una contrapropuesta para rechazar lo acordado por mayor\u00eda en el grupo de trabajo de p\u00fablico-privado, que supera las propuestas debatidas en el propio grupo de trabajo y que tiene como objetivo mantener la colaboraci\u00f3n p\u00fablico-privada, manteniendo el porcentaje de privatizaci\u00f3n actual. Y adem\u00e1s, ha rechazado uno de los objetivos del documento que ten\u00eda consenso en el grupo de trabajo de cartera de servicios, con la excusa de su relaci\u00f3n con el grupo de colaboraci\u00f3n p\u00fablico-privada.<\/p>\n\n\n\n<p>Por lo tanto, el Gobierno Vasco que quiere dar uma imagen de consenso y acuerdo, impone el veto en propuestas que no son de su agrado, en todos esos elementos que tienen relaci\u00f3n con la privatizaci\u00f3n. Es decir, han enterrado el objetivo de ofrecer el servicio del Sistema P\u00fablico de Salud con recursos p\u00fablicos y propios y reducir su dependencia del sector privado, limitando la presencia de este \u00fanicamente a casos de excepci\u00f3n. No ha tenido ning\u00fan problema con las discrepancias que ha habido en el resto de grupos de trabajo. Sin embargo, tanto ante la decisi\u00f3n de que la colaboraci\u00f3n p\u00fablico-privada sea excepcional como ante la necesidad de poner en marcha un plan de publificaci\u00f3n de la cartera de servicios, ni el Gobierno ni el lehendakari Pradales que puso en marcha la Mesa de Salud con vocaci\u00f3n de transformar el sistema p\u00fablico de salud est\u00e1n de acuerdo.<\/p>\n\n\n\n<p>Han enterrado el propio pacto de la Mesa de Salud, con imposiciones y vetos que pretenden mantener e implantar las pol\u00edticas de salud del lobby privatizador; privatizaci\u00f3n y hacer negocio con la salud. Con las pol\u00edticas privatizadoras que llevaron a Osakidetza al declive s\u00f3lo se conseguir\u00e1 seguir debilit\u00e1ndola. Pradales, que cumple un a\u00f1o en el Gobierno, y su gobierno han dado un golpe de estado en la mesa al vetar las decisiones que pod\u00edan reforzar el sistema p\u00fablico de salud y dar paso a cambios estructurales.<\/p>\n\n\n\n<p>El sindicato LAB anuncia que denunciar\u00e1 con dureza, com todos los medios a su alcance, el fraude que nos quiere imponer el Gobierno Vasco y hace un llamamiento tanto a los y las trabajadoras de Osakidetza como a todas las usuarias y usuarios a seguir en la din\u00e1mica de movilizaciones. Pradales quiere mantener y dejar bien atadas las pol\u00edticas de Urkullu.<\/p>\n","protected":false},"excerpt":{"rendered":"<p>En la mesa de hoy el Gobierno Vasco ha enterrado las posibilidades de un pacto para la transformaci\u00f3n de Osakidetza. <\/p>\n<p>Hoy se ha celebrado en Gasteiz la d\u00e9cima reuni\u00f3n de la Mesa de Salud. En ella, el Gobierno Vasco ha puesto fin al camino emprendido para fortalecer el Sistema Sanitario P\u00fablico y transformar las pol\u00edticas existentes hasta ahora, aline\u00e1ndose con el lobby privatizador para blindar las pol\u00edticas de privatizaci\u00f3n que han llevado a Osakidetza al declive; es decir, PNV, PSE, PP, Confebask y algunos colegios (como el de m\u00e9dicos o el de farmac\u00e9uticos).<\/p>\n<p>En la mesa de hoy se ten\u00edan que presentar los documentos trabajados de los dos \u00faltimos temas de las 24 l\u00edneas estrat\u00e9gicas: el grupo de trabajo sobre la colaboraci\u00f3n p\u00fablico-privada y el de cartera de servicios. Sin embargo, al presentar los documentos de los grupos de trabajo, el Gobierno Vasco ha hecho algo in\u00e9dito: ha dado un golpe de estado para rechazar dos objetivos que no le gustan.<\/p>\n<p>El Gobierno ha presentado una contrapropuesta para rechazar lo acordado por mayor\u00eda en el grupo de trabajo de p\u00fablico-privado, que supera las propuestas debatidas en el propio grupo de trabajo y que tiene como objetivo mantener la colaboraci\u00f3n p\u00fablico-privada, manteniendo el porcentaje de privatizaci\u00f3n actual. Y adem\u00e1s, ha rechazado uno de los objetivos del documento que ten\u00eda consenso en el grupo de trabajo de cartera de servicios, con la excusa de su relaci\u00f3n con el grupo de colaboraci\u00f3n p\u00fablico-privada.<\/p>\n<p>Por lo tanto, el Gobierno Vasco que quiere dar uma imagen de consenso y acuerdo, impone el veto en propuestas que no son de su agrado, en todos esos elementos que tienen relaci\u00f3n con la privatizaci\u00f3n. Es decir, han enterrado el objetivo de ofrecer el servicio del Sistema P\u00fablico de Salud con recursos p\u00fablicos y propios y reducir su dependencia del sector privado, limitando la presencia de este \u00fanicamente a casos de excepci\u00f3n. No ha tenido ning\u00fan problema con las discrepancias que ha habido en el resto de grupos de trabajo. Sin embargo, tanto ante la decisi\u00f3n de que la colaboraci\u00f3n p\u00fablico-privada sea excepcional como ante la necesidad de poner en marcha un plan de publificaci\u00f3n de la cartera de servicios, ni el Gobierno ni el lehendakari Pradales que puso en marcha la Mesa de Salud con vocaci\u00f3n de transformar el sistema p\u00fablico de salud est\u00e1n de acuerdo.<\/p>\n<p>Han enterrado el propio pacto de la Mesa de Salud, con imposiciones y vetos que pretenden mantener e implantar las pol\u00edticas de salud del lobby privatizador; privatizaci\u00f3n y hacer negocio con la salud. Con las pol\u00edticas privatizadoras que llevaron a Osakidetza al declive s\u00f3lo se conseguir\u00e1 seguir debilit\u00e1ndola. Pradales, que cumple un a\u00f1o en el Gobierno, y su gobierno han dado un golpe de estado en la mesa al vetar las decisiones que pod\u00edan reforzar el sistema p\u00fablico de salud y dar paso a cambios estructurales.<\/p>\n<p>El sindicato LAB anuncia que denunciar\u00e1 con dureza, com todos los medios a su alcance, el fraude que nos quiere imponer el Gobierno Vasco y hace un llamamiento tanto a los y las trabajadoras de Osakidetza como a todas las usuarias y usuarios a seguir en la din\u00e1mica de movilizaciones. Pradales quiere mantener y dejar bien atadas las pol\u00edticas de Urkullu.<\/p>\n","protected":false},"author":1191,"featured_media":81190,"comment_status":"closed","ping_status":"closed","sticky":false,"template":"","format":"standard","meta":{"_monsterinsights_skip_tracking":false,"_monsterinsights_sitenote_active":false,"_monsterinsights_sitenote_note":"","_monsterinsights_sitenote_category":0,"footnotes":"","_links_to":"","_links_to_target":""},"categories":[18,2867,3097,6],"tags":[3033,3178,3066,4986,3195,3171],"class_list":{"0":"post-81469","1":"post","2":"type-post","3":"status-publish","4":"format-standard","5":"has-post-thumbnail","7":"category-es-accion-sindical","8":"category-federaciones","9":"category-sanidad","10":"category-es-servicios-publicos","11":"tag-accion-sindical-es","12":"tag-destacado-1","13":"tag-federaciones-es","14":"tag-mesa-de-salud","15":"tag-osakidetza-es","16":"tag-servicios-publicos-es"},"_links":{"self":[{"href":"https:\/\/www.lab.eus\/es\/wp-json\/wp\/v2\/posts\/81469","targetHints":{"allow":["GET"]}}],"collection":[{"href":"https:\/\/www.lab.eus\/es\/wp-json\/wp\/v2\/posts"}],"about":[{"href":"https:\/\/www.lab.eus\/es\/wp-json\/wp\/v2\/types\/post"}],"author":[{"embeddable":true,"href":"https:\/\/www.lab.eus\/es\/wp-json\/wp\/v2\/users\/1191"}],"replies":[{"embeddable":true,"href":"https:\/\/www.lab.eus\/es\/wp-json\/wp\/v2\/comments?post=81469"}],"version-history":[{"count":1,"href":"https:\/\/www.lab.eus\/es\/wp-json\/wp\/v2\/posts\/81469\/revisions"}],"predecessor-version":[{"id":81470,"href":"https:\/\/www.lab.eus\/es\/wp-json\/wp\/v2\/posts\/81469\/revisions\/81470"}],"wp:featuredmedia":[{"embeddable":true,"href":"https:\/\/www.lab.eus\/es\/wp-json\/wp\/v2\/media\/81190"}],"wp:attachment":[{"href":"https:\/\/www.lab.eus\/es\/wp-json\/wp\/v2\/media?parent=81469"}],"wp:term":[{"taxonomy":"category","embeddable":true,"href":"https:\/\/www.lab.eus\/es\/wp-json\/wp\/v2\/categories?post=81469"},{"taxonomy":"post_tag","embeddable":true,"href":"https:\/\/www.lab.eus\/es\/wp-json\/wp\/v2\/tags?post=81469"}],"curies":[{"name":"wp","href":"https:\/\/api.w.org\/{rel}","templated":true}]}}