{"id":81385,"date":"2025-06-11T11:40:12","date_gmt":"2025-06-11T11:40:12","guid":{"rendered":"https:\/\/www.lab.eus\/?p=81385"},"modified":"2025-06-12T11:50:59","modified_gmt":"2025-06-12T11:50:59","slug":"lab-pide-compromisos-reales-y-voluntad-politica-a-las-administraciones-para-que-el-cuidado-deje-de-ser-un-negocio","status":"publish","type":"post","link":"https:\/\/www.lab.eus\/es\/lab-pide-compromisos-reales-y-voluntad-politica-a-las-administraciones-para-que-el-cuidado-deje-de-ser-un-negocio\/","title":{"rendered":"LAB pide compromisos reales y voluntad pol\u00edtica a las administraciones para que el cuidado deje de ser un negocio"},"content":{"rendered":"\n<p>LAB ha reclamado una \u201capuesta clara\u201d para desarrollar un sistema de cuidados p\u00fablico comunitario y ha asegurado que trabajar\u00e1 para llevar el cuidado al centro del debate pol\u00edtico.<\/p>\n\n\n\n<p>Trabajadora del sector de cuidados privatizados e han movilizado en Donostia para reivindicar su car\u00e1cter p\u00fablico. LAB ha defendido que, en la medida en que estos trabajadores prestan un servicio p\u00fablico, deben ser trabajadoras directas de la administraci\u00f3n y, en esa direcci\u00f3n, ha reivindicado la equiparaci\u00f3n de las condiciones laborales.<\/p>\n\n\n\n<p>A la movilizaci\u00f3n han acudido, junto a trabajadoras y trabajadores de otros sectores, las de residencias de adultos de Gipuzkoa. LAB tiene convocados cuatro paros en el sector, y hoy ha sido el primero. Precisamente a ellos ha dirigido sus primeras palabras al t\u00e9rmino de la movilizaci\u00f3n la responsable del sector sociocomunitario de LAB, Ane Escondrillas: \u201cHab\u00e9is sido siempre un ejemplo de lucha y dignidad, y hoy tambi\u00e9n hab\u00e9is salido a la calle para denunciar la desidia de la patronal. Nos tendr\u00e9is a vuestro lado \u201d.<\/p>\n\n\n\n<p>Escondrillas, sin embargo, no solo ha hablado de la patronal, sino tambi\u00e9n de la responsabilidad de las administraciones p\u00fablicas. Ha denunciado que son las administraciones quienes deciden las condiciones laborales y de vida de las trabajadoras de cuidados. \u201cLas administraciones miran para otro lado y, a trav\u00e9s de sus pol\u00edticas privatizadoras, nos obligan a negociar con las patronales y se lavan las manos mientras derrochan dinero p\u00fablico\u201d. Por ello, ha lanzado un mensaje directo a las administraciones: \u00abNo s\u00f3lo os pedimos que control\u00e9is la mediaci\u00f3n y el dinero que regal\u00e1is a las empresas; os exigimos compromisos reales y voluntad pol\u00edtica para que el cuidado deje de ser un negocio\u00bb.<\/p>\n\n\n\n<p>Para ello, Escondrillas se ha referido a la necesidad de llevar al \u201ccentro del debate social y pol\u00edtico\u201d las condiciones de trabajo y de vida de las personas trabajadoras de cuidados y ha asegurado que en los pr\u00f3ximos dos a\u00f1os LAB se comprometer\u00e1 a trabajar por ello. La principal reivindicaci\u00f3n del sindicato es clara: las y los trabajadores de cuidados privatizados prestan un servicio p\u00fablico, y, por ello, deben ser trabajadoras personal de gesti\u00f3n directa de la administraci\u00f3n p\u00fablica. Pero en ese sentido, el sindicato tiene un \u201creto estrat\u00e9gico\u201d, ha recordado Escondrillas: la equiparaci\u00f3n de las condiciones laborales: \u201cExigimos las mismas condiciones laborales por hacer el mismo trabajo\u201d.<\/p>\n\n\n\n<p>LAB luchar\u00e1 por ello, en los centros de trabajo, en la calle y en las instituciones. En referencia a estos \u00faltimos, Escondrillas ha destacado que las instituciones pueden ser determinantes a la hora de articular unos cambios profundos en el camino hacia un sistema p\u00fablico de cuidados comunitario. Al mismo tiempo, ha hecho un llamamiento a las y los trabajadores a seguir \u201cfortaleciendo\u201d esta v\u00eda y alimentando esta estrategia. Ha concluido su intervenci\u00f3n destacando la necesidad de construir la Euskal Herria del futuro \u201ccon las y los trabajadores que cuidan\u201d: \u201cPorque sostener vidas merece un reconocimiento, reivindicamos una Euskal Herria en la que el sistema p\u00fablico de cuidados comunitario est\u00e9 en el centro y so\u00f1amos con una Euskal Herria con servicios p\u00fablicos dignos, justos y fuertes\u201d.<\/p>\n\n\n\n<p><strong>A falta de voluntad pol\u00edtica, \u201cpalabrer\u00eda\u201d<\/strong><\/p>\n\n\n\n<p>En la misma l\u00ednea, la coordinadora general de LAB, Garbi\u00f1e Aranburu, se ha referido con rotundidad a la necesidad de abordar la crisis del cuidado y dejar de hacer negocio con el cuidado: \u201cNo parece que est\u00e9 entre las principales preocupaciones de las instituciones. Con el cuidado se hace negocio, no se impulsa un modelo de cuidado digno y las instituciones miran hacia otro lado ante las situaciones de precariedad de las y los trabajadores de cuidados. Nunca se ha desarrollado un sistema p\u00fablico de cuidados comunitario en su totalidad \u201d. Ha denunciado la \u201cpalabrer\u00eda\u201d de las instituciones porque \u201cno se puede hablar de igualdad sin reconocimiento, sin desfamiliarizaci\u00f3n, sin reparto y democratizaci\u00f3n de los cuidados\u201d. Ha defendido que hay que dar un vuelco a las pol\u00edticas hasta ahora y para ello hay que hacer una \u201capuesta clara\u201d por el desarrollo del sistema p\u00fablico comunitario de cuidados.<\/p>\n\n\n\n<p>La falta de voluntad pol\u00edtica, a su vez, lleva a la patronal a aprovecharse de ello, seg\u00fan Aranburu: \u201cSe aprovecha del dinero p\u00fablico y bloquea las negociaciones de los convenios\u201d. Ha puesto el ejemplo de la cerraz\u00f3n de Adegi en la negociaci\u00f3n del convenio de las residencias de adultos: \u201cNo nos despistemos; los derechos se consiguen confrontando con la patronal\u201d.<\/p>\n\n\n\n<p>Aranburu ha recordado que una de las principales causas de la precarizaci\u00f3n en el sector del cuidado es tambi\u00e9n el bajo salario de las personas trabajadoras, por lo que ha puesto en valor la lucha por el salario m\u00ednimo propio y la aportaci\u00f3n de LAB a ello: \u201cHemos mantenido viva esta lucha para dignificar los salarios de las mujeres, j\u00f3venes y trabajadoras migradas y lograr un reparto m\u00e1s equilibrado de la riqueza. Y hemos conseguido colaborar en un tema en el que la mayor\u00eda sindical es estrat\u00e9gica \u201d. Aranburu ha lamentado que Confebask haya dicho no a la mesa de fijar un salario m\u00ednimo propio, demostrando su car\u00e1cter explotador, tal como lo hace con las trabajadoras del hogar. No obstante, ha asegurado que LAB pondr\u00e1 el pr\u00f3ximo curso, junto con los cuidados, la lucha por el salario m\u00ednimo propio en el centro de las luchas sindicales.<\/p>\n\n\n\n<p>En su intervenci\u00f3n, Aranburu ha destacado el trabajo del sindicato de acercar el feminismo al sindicalismo: \u201cApostamos por traer al centro las luchas de las mujeres* que el sistema quiere mantener al margen. Hemos sido pioneros en llevar a la pr\u00e1ctica el sindicalismo feminista y gracias a estas decisiones las trabajadoras de sectores feminizados, las trabajadoras de cuidados, sois sujetos activos en esta lucha \u201d. Ha hablado no s\u00f3lo de la importancia del sindicalismo feminista, sino tambi\u00e9n del sindicalismo antiracista y ha se\u00f1alado que es imprescindible denunciar y combatir el racismo laboral que se da en el \u00e1mbito de los cuidados.<\/p>\n","protected":false},"excerpt":{"rendered":"<p>LAB ha reclamado una \u201capuesta clara\u201d para desarrollar un sistema de cuidados p\u00fablico comunitario y ha asegurado que trabajar\u00e1 para llevar el cuidado al centro del debate pol\u00edtico.<\/p>\n","protected":false},"author":1191,"featured_media":81386,"comment_status":"closed","ping_status":"closed","sticky":false,"template":"","format":"video","meta":{"_monsterinsights_skip_tracking":false,"_monsterinsights_sitenote_active":false,"_monsterinsights_sitenote_note":"","_monsterinsights_sitenote_category":0,"footnotes":"","_links_to":"","_links_to_target":""},"categories":[18,2867,3000,6],"tags":[3033,3178,3279,3171],"class_list":{"0":"post-81385","1":"post","2":"type-post","3":"status-publish","4":"format-video","5":"has-post-thumbnail","7":"category-es-accion-sindical","8":"category-federaciones","9":"category-servicio-sociocomunitario","10":"category-es-servicios-publicos","11":"tag-accion-sindical-es","12":"tag-destacado-1","13":"tag-portada-es","14":"tag-servicios-publicos-es","15":"post_format-post-format-video"},"_links":{"self":[{"href":"https:\/\/www.lab.eus\/es\/wp-json\/wp\/v2\/posts\/81385","targetHints":{"allow":["GET"]}}],"collection":[{"href":"https:\/\/www.lab.eus\/es\/wp-json\/wp\/v2\/posts"}],"about":[{"href":"https:\/\/www.lab.eus\/es\/wp-json\/wp\/v2\/types\/post"}],"author":[{"embeddable":true,"href":"https:\/\/www.lab.eus\/es\/wp-json\/wp\/v2\/users\/1191"}],"replies":[{"embeddable":true,"href":"https:\/\/www.lab.eus\/es\/wp-json\/wp\/v2\/comments?post=81385"}],"version-history":[{"count":1,"href":"https:\/\/www.lab.eus\/es\/wp-json\/wp\/v2\/posts\/81385\/revisions"}],"predecessor-version":[{"id":81462,"href":"https:\/\/www.lab.eus\/es\/wp-json\/wp\/v2\/posts\/81385\/revisions\/81462"}],"wp:featuredmedia":[{"embeddable":true,"href":"https:\/\/www.lab.eus\/es\/wp-json\/wp\/v2\/media\/81386"}],"wp:attachment":[{"href":"https:\/\/www.lab.eus\/es\/wp-json\/wp\/v2\/media?parent=81385"}],"wp:term":[{"taxonomy":"category","embeddable":true,"href":"https:\/\/www.lab.eus\/es\/wp-json\/wp\/v2\/categories?post=81385"},{"taxonomy":"post_tag","embeddable":true,"href":"https:\/\/www.lab.eus\/es\/wp-json\/wp\/v2\/tags?post=81385"}],"curies":[{"name":"wp","href":"https:\/\/api.w.org\/{rel}","templated":true}]}}