{"id":81382,"date":"2025-06-11T10:24:03","date_gmt":"2025-06-11T10:24:03","guid":{"rendered":"https:\/\/www.lab.eus\/?p=81382"},"modified":"2025-06-11T10:24:06","modified_gmt":"2025-06-11T10:24:06","slug":"lab-muestra-su-enfado-ante-la-actitud-de-la-patronal-de-residencias-de-araba","status":"publish","type":"post","link":"https:\/\/www.lab.eus\/es\/lab-muestra-su-enfado-ante-la-actitud-de-la-patronal-de-residencias-de-araba\/","title":{"rendered":"LAB muestra su enfado ante la actitud de la patronal de residencias de Araba"},"content":{"rendered":"\n<p>El lunes se llev\u00f3 a cabo reuni\u00f3n entre sindicatos y la patronal de residencias de Araba, dos meses despu\u00e9s de que la parte social enviara su \u00faltima propuesta. En su momento, la patronal se\u00f1al\u00f3 que responder\u00eda antes de la pr\u00f3xima reuni\u00f3n pero envi\u00f3 su respuesta en el \u00faltimo momento, a \u00faltima hora del viernes por la tarde, sin dar a los sindicatos ninguna oportunidad de estudiarla a fondo.<\/p>\n\n\n\n<p>Ante esto, LAB est\u00e1 muy enfadada, y as\u00ed se lo ha expresado a la patronal. Podr\u00eda pensarse que su \u00fanico objetivo es prolongar las negociaciones en el tiempo, ya que en cuanto a contenido no hay avances significativos en comparaci\u00f3n con anteriores propuestas.<br><br>Podr\u00edamos estar ante un punto de inflexi\u00f3n en la lucha por el primer convenio provincial de este sector. Por lo tanto, sin presi\u00f3n pero con responsabilidad, LAB pretende llevar a cabo una reflexi\u00f3n compartida con su afiliaci\u00f3n y representantes sobre el camino recorrido hasta ahora y la situaci\u00f3n actual, siempre consciente de los logros, que los hay, para determinar qu\u00e9 necesita cambiar o a\u00f1adir para conseguir sus objetivos, porque la lucha contin\u00faa.<\/p>\n","protected":false},"excerpt":{"rendered":"<p>El lunes se llev\u00f3 a cabo reuni\u00f3n entre sindicatos y la patronal de residencias de Araba, dos meses despu\u00e9s de que la parte social enviara su \u00faltima propuesta. En su momento, la patronal se\u00f1al\u00f3 que responder\u00eda antes de la pr\u00f3xima reuni\u00f3n pero envi\u00f3 su respuesta en el \u00faltimo momento, a \u00faltima hora del viernes por la tarde, sin dar a los sindicatos ninguna oportunidad de estudiarla a fondo.<\/p>\n","protected":false},"author":1191,"featured_media":81380,"comment_status":"closed","ping_status":"closed","sticky":false,"template":"","format":"standard","meta":{"_monsterinsights_skip_tracking":false,"_monsterinsights_sitenote_active":false,"_monsterinsights_sitenote_note":"","_monsterinsights_sitenote_category":0,"footnotes":"","_links_to":"","_links_to_target":""},"categories":[18,2867,3000,6],"tags":[3033,3178,3066,3490,3171,3272],"class_list":{"0":"post-81382","1":"post","2":"type-post","3":"status-publish","4":"format-standard","5":"has-post-thumbnail","7":"category-es-accion-sindical","8":"category-federaciones","9":"category-servicio-sociocomunitario","10":"category-es-servicios-publicos","11":"tag-accion-sindical-es","12":"tag-destacado-1","13":"tag-federaciones-es","14":"tag-residencias-de-araba","15":"tag-servicios-publicos-es","16":"tag-sociocomunitario-es"},"_links":{"self":[{"href":"https:\/\/www.lab.eus\/es\/wp-json\/wp\/v2\/posts\/81382","targetHints":{"allow":["GET"]}}],"collection":[{"href":"https:\/\/www.lab.eus\/es\/wp-json\/wp\/v2\/posts"}],"about":[{"href":"https:\/\/www.lab.eus\/es\/wp-json\/wp\/v2\/types\/post"}],"author":[{"embeddable":true,"href":"https:\/\/www.lab.eus\/es\/wp-json\/wp\/v2\/users\/1191"}],"replies":[{"embeddable":true,"href":"https:\/\/www.lab.eus\/es\/wp-json\/wp\/v2\/comments?post=81382"}],"version-history":[{"count":1,"href":"https:\/\/www.lab.eus\/es\/wp-json\/wp\/v2\/posts\/81382\/revisions"}],"predecessor-version":[{"id":81383,"href":"https:\/\/www.lab.eus\/es\/wp-json\/wp\/v2\/posts\/81382\/revisions\/81383"}],"wp:featuredmedia":[{"embeddable":true,"href":"https:\/\/www.lab.eus\/es\/wp-json\/wp\/v2\/media\/81380"}],"wp:attachment":[{"href":"https:\/\/www.lab.eus\/es\/wp-json\/wp\/v2\/media?parent=81382"}],"wp:term":[{"taxonomy":"category","embeddable":true,"href":"https:\/\/www.lab.eus\/es\/wp-json\/wp\/v2\/categories?post=81382"},{"taxonomy":"post_tag","embeddable":true,"href":"https:\/\/www.lab.eus\/es\/wp-json\/wp\/v2\/tags?post=81382"}],"curies":[{"name":"wp","href":"https:\/\/api.w.org\/{rel}","templated":true}]}}