{"id":81359,"date":"2025-06-10T14:47:28","date_gmt":"2025-06-10T14:47:28","guid":{"rendered":"https:\/\/www.lab.eus\/?p=81359"},"modified":"2025-06-10T14:47:31","modified_gmt":"2025-06-10T14:47:31","slug":"la-mayoria-sindical-vasca-reclama-a-los-partidos-vascos-compromisos-para-acceder-a-un-salario-minimo-propio-y-digno","status":"publish","type":"post","link":"https:\/\/www.lab.eus\/es\/la-mayoria-sindical-vasca-reclama-a-los-partidos-vascos-compromisos-para-acceder-a-un-salario-minimo-propio-y-digno\/","title":{"rendered":"La mayor\u00eda sindical vasca reclama a los partidos vascos compromisos para acceder a un salario m\u00ednimo propio y digno"},"content":{"rendered":"\n<p>Representantes de LAB, ELA, ESK, STEILAS, ETXALDE e HIRU han iniciado una ronda de contactos con los partidos vascos para comprometerse a alcanzar un salario m\u00ednimo propio y digno. Al igual que ayer con el PNV, hoy se han reunido con una delegaci\u00f3n de EH Bildu.<\/p>\n\n\n\n<p>En concreto, son dos los compromisos que han exigido a los partidos. Por un lado, hacer frente a la negativa de Confebask y CEN a negociar un acuerdo interprofesional factible seg\u00fan la legislaci\u00f3n actual.<br><br>Como es conocido, en la primera sesi\u00f3n Confebask rechaz\u00f3 la creaci\u00f3n de la mesa y, se neg\u00f3 a acudir a la segunda convocatoria despu\u00e9s de que la mayor\u00eda sindical pusiera sobre la mesa una propuesta de salario m\u00ednimo de 1.500 euros. La CEN volvi\u00f3 a renunciar a participar en la sesi\u00f3n, en este caso junto a UGT y CCOO. Los sindicatos LAB, ELA, ESK, STEILAS, ETXALDE e HIRU consideran que los partidos y especialmente los Gobiernos pueden trabajar para conseguir que la patronal se siente a la mesa de negociaci\u00f3n.<\/p>\n\n\n\n<p>Por otra parte, han dado a conocer a los partidos la Iniciativa Legislativa Popular (ILP) que exige que el Gobierno Vasco y el Gobierno de Navarra puedan establecer un salario m\u00ednimo m\u00e1s alto que el estatal y les han pedido que se comprometan a sacarlo adelante.<\/p>\n\n\n\n<p>Esta Iniciativa Legislativa Popular reclama la modificaci\u00f3n del Estatuto de los Trabajadores y, una vez recogidas las firmas de la ciudadan\u00eda, llegar\u00e1 al Parlamento de la CAV. En el caso de Nafarroa, al no ser admitida a tr\u00e1mite por la Mesa del Parlamento, las firmas recogidas se pondr\u00e1n a disposici\u00f3n de los partidos para su tramitaci\u00f3n. En ambos casos, la petici\u00f3n de los sindicatos es la misma: que los partidos pol\u00edticos apoyen la modificaci\u00f3n legislativa, votando a favor en los parlamentos y despu\u00e9s defendiendo la iniciativa legislativa popular en el Congreso espa\u00f1ol.<\/p>\n\n\n\n<p>En este sentido, los sindicatos LAB, ELA, ESK, STEILAS, ETXALDE e HIRU han reiterado su llamamiento a la firma en favor de la Iniciativa Legislativa Popular, ya que recogiendo m\u00e1s firmas habr\u00e1 m\u00e1s posibilidades de obtener un salario m\u00ednimo propio y digno.<\/p>\n\n\n\n<p><\/p>\n","protected":false},"excerpt":{"rendered":"<p>Representantes de LAB, ELA, ESK, STEILAS, ETXALDE e HIRU han iniciado una ronda de contactos con los partidos vascos para comprometerse a alcanzar un salario m\u00ednimo propio y digno. Al igual que ayer con el PNV, hoy se han reunido con una delegaci\u00f3n de EH Bildu.<\/p>\n","protected":false},"author":1191,"featured_media":81357,"comment_status":"closed","ping_status":"closed","sticky":false,"template":"","format":"standard","meta":{"_monsterinsights_skip_tracking":false,"_monsterinsights_sitenote_active":false,"_monsterinsights_sitenote_note":"","_monsterinsights_sitenote_category":0,"footnotes":"","_links_to":"","_links_to_target":""},"categories":[3402,18],"tags":[3445,3033,3279,3804],"class_list":{"0":"post-81359","1":"post","2":"type-post","3":"status-publish","4":"format-standard","5":"has-post-thumbnail","7":"category-accion-politica","8":"category-es-accion-sindical","9":"tag-accion-politica","10":"tag-accion-sindical-es","11":"tag-portada-es","12":"tag-salario-minimo"},"_links":{"self":[{"href":"https:\/\/www.lab.eus\/es\/wp-json\/wp\/v2\/posts\/81359","targetHints":{"allow":["GET"]}}],"collection":[{"href":"https:\/\/www.lab.eus\/es\/wp-json\/wp\/v2\/posts"}],"about":[{"href":"https:\/\/www.lab.eus\/es\/wp-json\/wp\/v2\/types\/post"}],"author":[{"embeddable":true,"href":"https:\/\/www.lab.eus\/es\/wp-json\/wp\/v2\/users\/1191"}],"replies":[{"embeddable":true,"href":"https:\/\/www.lab.eus\/es\/wp-json\/wp\/v2\/comments?post=81359"}],"version-history":[{"count":1,"href":"https:\/\/www.lab.eus\/es\/wp-json\/wp\/v2\/posts\/81359\/revisions"}],"predecessor-version":[{"id":81360,"href":"https:\/\/www.lab.eus\/es\/wp-json\/wp\/v2\/posts\/81359\/revisions\/81360"}],"wp:featuredmedia":[{"embeddable":true,"href":"https:\/\/www.lab.eus\/es\/wp-json\/wp\/v2\/media\/81357"}],"wp:attachment":[{"href":"https:\/\/www.lab.eus\/es\/wp-json\/wp\/v2\/media?parent=81359"}],"wp:term":[{"taxonomy":"category","embeddable":true,"href":"https:\/\/www.lab.eus\/es\/wp-json\/wp\/v2\/categories?post=81359"},{"taxonomy":"post_tag","embeddable":true,"href":"https:\/\/www.lab.eus\/es\/wp-json\/wp\/v2\/tags?post=81359"}],"curies":[{"name":"wp","href":"https:\/\/api.w.org\/{rel}","templated":true}]}}