{"id":81351,"date":"2025-06-10T12:14:50","date_gmt":"2025-06-10T12:14:50","guid":{"rendered":"https:\/\/www.lab.eus\/?p=81351"},"modified":"2025-06-10T12:14:53","modified_gmt":"2025-06-10T12:14:53","slug":"lab-denuncia-el-acoso-sindical-de-avanza-en-arrasate","status":"publish","type":"post","link":"https:\/\/www.lab.eus\/es\/lab-denuncia-el-acoso-sindical-de-avanza-en-arrasate\/","title":{"rendered":"LAB denuncia el acoso sindical de Avanza en Arrasate"},"content":{"rendered":"\n<p>Se ha concentrado en la parada de autob\u00fas de Zalduspe. De hecho, en los \u00faltimos meses la afiliaci\u00f3n y representaci\u00f3n sindical de LAB han recibido numerosas amenazas y expedientes sancionadores. Por si fuera poco, la representante sindical de LAB ha sido suspendida a 21 d\u00edas de empleo y sueldo en plena negociaci\u00f3n del convenio por un accidente involuntario ocurrido en abril.<\/p>\n\n\n\n<p>LAB considera que los expedientes sancionadores que se han recibido hasta ahora son arbitrarios, desproporcionados y sin precedentes. Todas estas sanciones tienen un \u00fanico objetivo: castigar a los y las trabajadoras que luchan por mejorar las condiciones laborales en Avanza. Hace ya muchos meses que empezaron a negociar un Convenio Colectivo. Las huelgas, las movilizaciones, el inmovilismo de la empresa&#8230; durante estos meses no han sido pocas las amenazas que se han recibido por parte de la empresa. No obstante, esto no va a amedrentar a LAB y har\u00e1 frente a todas estas agresiones.<\/p>\n\n\n\n<p>LAB no tolerar\u00e1 el acoso y utilizar\u00e1 todos los medios a su alcance para hacer frente a todas estas injusticias.<\/p>\n","protected":false},"excerpt":{"rendered":"<p>Se ha concentrado en la parada de autob\u00fas de Zalduspe. De hecho, en los \u00faltimos meses la afiliaci\u00f3n y representaci\u00f3n sindical de LAB han recibido numerosas amenazas y expedientes sancionadores. Por si fuera poco, la representante sindical de LAB ha sido suspendida a 21 d\u00edas de empleo y sueldo en plena negociaci\u00f3n del convenio por un accidente involuntario ocurrido en abril.<\/p>\n","protected":false},"author":1191,"featured_media":81349,"comment_status":"closed","ping_status":"closed","sticky":false,"template":"","format":"standard","meta":{"_monsterinsights_skip_tracking":false,"_monsterinsights_sitenote_active":false,"_monsterinsights_sitenote_note":"","_monsterinsights_sitenote_category":0,"footnotes":"","_links_to":"","_links_to_target":""},"categories":[18,2867,6,3120],"tags":[3028,5278,3178,2980,3027],"class_list":{"0":"post-81351","1":"post","2":"type-post","3":"status-publish","4":"format-standard","5":"has-post-thumbnail","7":"category-es-accion-sindical","8":"category-federaciones","9":"category-es-servicios-publicos","10":"category-transporte","11":"tag-accion-sindical-2","12":"tag-avanza","13":"tag-destacado-1","14":"tag-federaciones","15":"tag-servicios-publicos-3"},"_links":{"self":[{"href":"https:\/\/www.lab.eus\/es\/wp-json\/wp\/v2\/posts\/81351","targetHints":{"allow":["GET"]}}],"collection":[{"href":"https:\/\/www.lab.eus\/es\/wp-json\/wp\/v2\/posts"}],"about":[{"href":"https:\/\/www.lab.eus\/es\/wp-json\/wp\/v2\/types\/post"}],"author":[{"embeddable":true,"href":"https:\/\/www.lab.eus\/es\/wp-json\/wp\/v2\/users\/1191"}],"replies":[{"embeddable":true,"href":"https:\/\/www.lab.eus\/es\/wp-json\/wp\/v2\/comments?post=81351"}],"version-history":[{"count":1,"href":"https:\/\/www.lab.eus\/es\/wp-json\/wp\/v2\/posts\/81351\/revisions"}],"predecessor-version":[{"id":81352,"href":"https:\/\/www.lab.eus\/es\/wp-json\/wp\/v2\/posts\/81351\/revisions\/81352"}],"wp:featuredmedia":[{"embeddable":true,"href":"https:\/\/www.lab.eus\/es\/wp-json\/wp\/v2\/media\/81349"}],"wp:attachment":[{"href":"https:\/\/www.lab.eus\/es\/wp-json\/wp\/v2\/media?parent=81351"}],"wp:term":[{"taxonomy":"category","embeddable":true,"href":"https:\/\/www.lab.eus\/es\/wp-json\/wp\/v2\/categories?post=81351"},{"taxonomy":"post_tag","embeddable":true,"href":"https:\/\/www.lab.eus\/es\/wp-json\/wp\/v2\/tags?post=81351"}],"curies":[{"name":"wp","href":"https:\/\/api.w.org\/{rel}","templated":true}]}}