{"id":81345,"date":"2025-06-10T13:53:16","date_gmt":"2025-06-10T13:53:16","guid":{"rendered":"https:\/\/www.lab.eus\/?p=81345"},"modified":"2025-06-11T07:33:14","modified_gmt":"2025-06-11T07:33:14","slug":"lab-denuncia-que-el-gobierno-de-chivite-mintio-al-aceptar-finalmente-entrar-en-el-convenio-estatal-con-las-mutuas-para-la-privatizacion-del-sistema-sanitario-navarro","status":"publish","type":"post","link":"https:\/\/www.lab.eus\/es\/lab-denuncia-que-el-gobierno-de-chivite-mintio-al-aceptar-finalmente-entrar-en-el-convenio-estatal-con-las-mutuas-para-la-privatizacion-del-sistema-sanitario-navarro\/","title":{"rendered":"LAB denuncia que el Gobierno de Chivite minti\u00f3 al aceptar finalmente entrar en el convenio estatal con las mutuas para la privatizaci\u00f3n del sistema sanitario navarro"},"content":{"rendered":"\n<p>Decenas de delegados y delegadas de la federaci\u00f3n de Servicios Privados del sindicato LAB se han movilizado hoy frente a la sede de Mutua Navarra en el pol\u00edgono de Landaben (Iru\u00f1ea) para denunciar que, tal y como destap\u00f3 LAB en marzo de 2023, existe un plan del Gobierno espa\u00f1ol que ha aceptado el Gobierno de Nafarroa para llevar a cabo la mayor privatizaci\u00f3n de la sanidad a trav\u00e9s de la mutuas. As\u00ed se recoge en el recientemente firmado plan de empleo de Nafarroa que cuenta con el apoyo de los empresarios de la CEN y los sindicatos de concertaci\u00f3n UGT y CCOO. LAB reivindica que el camino a seguir es el contrario a lo que marca el plan de empleo y aboga por publificar las mutuas y destinar el dinero que la Seguridad Social aporta a estas entidades a reforzar Osasunbidea.<\/p>\n\n\n\n<p>En marzo de 2023 el sindicato LAB destap\u00f3 el primer documento de borrador del convenio remitido por el ministerio de Sanidad espa\u00f1ol al Gobierno de Nafarroa donde, entre otras cuestiones graves, recog\u00eda el mayor ataque al sistema p\u00fablico navarro de salud. As\u00ed, los servicios sanitarios p\u00fablicos ceder\u00edan a las mutuas la atenci\u00f3n de las contingencias comunes de los trabajadores y trabajadores.<\/p>\n\n\n\n<p>La firme y ver\u00eddica denuncia de LAB puso en compromiso al mismo ministro espa\u00f1ol de Seguridad Social, Jos\u00e9 Luis Escriv\u00e1, que no tard\u00f3 en salir a desacreditar el plan para ceder las bajas m\u00e9dicas a las mutuas y asegurar que el convenio no estaba \u201cvalidado\u201d por el Gobierno. D\u00edas m\u00e1s tarde, tras el eco medi\u00e1tico y la presi\u00f3n ejercida por LAB, el Gobierno de Nafarroa \u2012que no desminti\u00f3 la existencia del borrador desvelado\u2012 se apresur\u00f3 a trav\u00e9s del director general de Salud, Carlos Artundo, a asegurar que Nafarroa \u201cno se plantea\u201d entrar en el convenio estatal con las mutuas.<\/p>\n\n\n\n<p>El pleno de Parlamento de Nafarroa aprob\u00f3 con los votos a favor de PSN, EH Bildu, Geroa Bai y Contigo-Zurekin, la abstenci\u00f3n de UPN y los votos en contra de PPN y Vox, una resoluci\u00f3n por la que se instaba al Gobierno de Nafarroa y al Departamento de Salud a que \u201crechacen el acuerdo entre el Ministerio de Inclusi\u00f3n, Seguridad Social y Migraciones y la Asociaci\u00f3n de Mutuas de Accidentes de Trabajo (AMAT) para delegar en las mutuas la gesti\u00f3n de las enfermedades comunes de los trabajadores\u201d.<\/p>\n\n\n\n<p>Sin embargo, el recientemente firmado plan de empleo de Nafarroa recoge el tratamiento por parte de las mutuas de las bajas de \u00edndole traumatol\u00f3gico amparado en la \u201ccelebraci\u00f3n de convenios de colaboraci\u00f3n entre las consejer\u00edas de Sanidad de cada una de las comunidades aut\u00f3nomas, las Mutuas Colaboradoras de la Seguridad Social (MCSS) y el Instituto Nacional de la Seguridad Social (INSS)\u201d. As\u00ed pues, el plan de empleo de Nafarroa deja en evidencia que el Gobierno de Chivite minti\u00f3 a la sociedad navarra y desoy\u00f3 al Parlamento de Nafarroa. Tambi\u00e9n lo hizo el Gobierno espa\u00f1ol, y la sustituta de Escriv\u00e1, la ministra Elma Saiz, est\u00e1 liderando y dirigiendo las tareas de implementaci\u00f3n del convenio de privatizaci\u00f3n de la sanidad.<\/p>\n\n\n\n<p>Esta medida avanza en la estrategia de dejar la salud de la clase trabajadora en manos de los empresarios. Lo que hace que estemos ante el mayor proceso de privatizaci\u00f3n del sistema que hemos conocido en perjuicio del derecho a la salud e integridad f\u00edsica de trabajadores y trabajadoras. Todas las actividades de traumatolog\u00eda (sean intervenciones, tratamientos, rehabilitaci\u00f3n, seguimientos y propuestas de alta) actualmente de gesti\u00f3n p\u00fablica a trav\u00e9s de Osasunbidea pasar\u00edan a manos de las mutuas (asociaciones empresariales con \u00e1nimo de lucro financiadas con dinero p\u00fablico), bajo su conocida pol\u00edtica empresarial de altas prematuras y tratamientos r\u00e1pidos antes que eficaces.<\/p>\n\n\n\n<p>Este desmantelamiento de una de las partes m\u00e1s importantes de Osasunbidea se ha anunciado dentro del plan de empleo de Nafarroa, donde los empresarios imponen al Gobierno de Chivite, UGT y CCOO su estrategia de colaboraci\u00f3n p\u00fablico-privada para privatizar la sanidad.<\/p>\n\n\n\n<p>Sin duda, este es un capitulo m\u00e1s del borrador que el Estado espa\u00f1ol ofrece a las autonom\u00edas. Los gobiernos al dictado del modelo neoliberal generan malestar deshaciendo el sistema p\u00fablico de salud para que as\u00ed la mayor\u00eda social d\u00e9 por bueno dejar su propia salud en manos de las empresas l\u00edderes en provocar accidentes y enfermedades profesionales.<\/p>\n\n\n\n<p>Para el sindicato LAB la salud de los trabajadores y trabajadoras no es un negocio, y no va a permitir que pongan patas arriba Osasunbidea. LAB no comparte de ninguna de las maneras el proyecto contrario a la sanidad p\u00fablica que proponen Gobierno de Nafarroa, los empresarios de la CEN y los sindicatos de concertaci\u00f3n UGT y CCOO.<\/p>\n\n\n\n<p>LAB defiende la sanidad p\u00fablica y a Osasunbidea, y por ello aboga por la nacionalizaci\u00f3n de las Mutuas, prevista en la disposici\u00f3n final tercera de la Ley 14\/1986 General de Sanidad, y por destinar el dinero que la Seguridad Social aporta a estas entidades a reforzar Osasunbidea. Como medida subsidiaria, hasta alcanzar la publificaci\u00f3n completa, LAB propone que las empresas tengan que contratar todas las contingencias con la propia Seguridad Social, de modo que ser\u00eda una Osasunbidea fortalecida la garante de ofrecer atenci\u00f3n para todas las contingencias a todos los trabajadores y trabajadoras.<\/p>\n","protected":false},"excerpt":{"rendered":"<p>Decenas de delegados y delegadas de la federaci\u00f3n de Servicios Privados del sindicato LAB se han movilizado hoy frente a la sede de Mutua Navarra en el pol\u00edgono de Landaben (Iru\u00f1ea) para denunciar que, tal y como destap\u00f3 LAB en marzo de 2023, existe un plan del Gobierno espa\u00f1ol que ha aceptado el Gobierno de Nafarroa para llevar a cabo la mayor privatizaci\u00f3n de la sanidad a trav\u00e9s de la mutuas. As\u00ed se recoge en el recientemente firmado plan de empleo de Nafarroa que cuenta con el apoyo de los empresarios de la CEN y los sindicatos de concertaci\u00f3n UGT y CCOO. LAB reivindica que el camino a seguir es el contrario a lo que marca el plan de empleo y aboga por publificar las mutuas y destinar el dinero que la Seguridad Social aporta a estas entidades a reforzar Osasunbidea.<\/p>\n","protected":false},"author":1191,"featured_media":81362,"comment_status":"closed","ping_status":"closed","sticky":false,"template":"","format":"standard","meta":{"_monsterinsights_skip_tracking":false,"_monsterinsights_sitenote_active":false,"_monsterinsights_sitenote_note":"","_monsterinsights_sitenote_category":0,"footnotes":"","_links_to":"","_links_to_target":""},"categories":[18,15,2973],"tags":[3033,3808,3279,3083,3024],"class_list":{"0":"post-81345","1":"post","2":"type-post","3":"status-publish","4":"format-standard","5":"has-post-thumbnail","7":"category-es-accion-sindical","8":"category-es-salud-laboral","9":"category-secretarias","10":"tag-accion-sindical-es","11":"tag-mutuas","12":"tag-portada-es","13":"tag-salud-laboral-es","14":"tag-secretarias"},"_links":{"self":[{"href":"https:\/\/www.lab.eus\/es\/wp-json\/wp\/v2\/posts\/81345","targetHints":{"allow":["GET"]}}],"collection":[{"href":"https:\/\/www.lab.eus\/es\/wp-json\/wp\/v2\/posts"}],"about":[{"href":"https:\/\/www.lab.eus\/es\/wp-json\/wp\/v2\/types\/post"}],"author":[{"embeddable":true,"href":"https:\/\/www.lab.eus\/es\/wp-json\/wp\/v2\/users\/1191"}],"replies":[{"embeddable":true,"href":"https:\/\/www.lab.eus\/es\/wp-json\/wp\/v2\/comments?post=81345"}],"version-history":[{"count":1,"href":"https:\/\/www.lab.eus\/es\/wp-json\/wp\/v2\/posts\/81345\/revisions"}],"predecessor-version":[{"id":81346,"href":"https:\/\/www.lab.eus\/es\/wp-json\/wp\/v2\/posts\/81345\/revisions\/81346"}],"wp:featuredmedia":[{"embeddable":true,"href":"https:\/\/www.lab.eus\/es\/wp-json\/wp\/v2\/media\/81362"}],"wp:attachment":[{"href":"https:\/\/www.lab.eus\/es\/wp-json\/wp\/v2\/media?parent=81345"}],"wp:term":[{"taxonomy":"category","embeddable":true,"href":"https:\/\/www.lab.eus\/es\/wp-json\/wp\/v2\/categories?post=81345"},{"taxonomy":"post_tag","embeddable":true,"href":"https:\/\/www.lab.eus\/es\/wp-json\/wp\/v2\/tags?post=81345"}],"curies":[{"name":"wp","href":"https:\/\/api.w.org\/{rel}","templated":true}]}}