{"id":81338,"date":"2025-06-10T08:43:10","date_gmt":"2025-06-10T08:43:10","guid":{"rendered":"https:\/\/www.lab.eus\/?p=81338"},"modified":"2025-06-10T08:43:13","modified_gmt":"2025-06-10T08:43:13","slug":"lab-organiza-charlas-sobre-la-vivienda-en-bilbo-y-donostia-con-el-investigador-jaime-palomera","status":"publish","type":"post","link":"https:\/\/www.lab.eus\/es\/lab-organiza-charlas-sobre-la-vivienda-en-bilbo-y-donostia-con-el-investigador-jaime-palomera\/","title":{"rendered":"LAB organiza charlas sobre la vivienda en Bilbo y Donostia con el investigador Jaime Palomera"},"content":{"rendered":"\n<p>La vivienda se ha convertido en un problema de primer orden para trabajadores, trabajadoras y amplios sectores de poblaci\u00f3n. A pesar de que, en la CAPV, la Ley de 2015 la reconoce como un derecho subjetivo, la constante subida de precios, el escaso parque p\u00fablico y las pol\u00edticas dirigidas en una direcci\u00f3n err\u00f3nea durante d\u00e9cadas han hecho cada vez m\u00e1s dif\u00edcil el acceso a la vivienda.<\/p>\n\n\n\n<p>Lejos de ser una problem\u00e1tica local, el problema estructural de la vivienda presenta caracter\u00edsticas similares en los principales pa\u00edses y ciudades occidentales. El antrop\u00f3logo, investigador y profesor <a href=\"https:\/\/idrabcn.com\/es\/equipo\/jaime-palomera-zaidel \/\">Jaime Palomera<\/a> investiga las tendencias existentes y analiza sus causas. Considera que la vivienda es un derecho y no un activo financiero y que las ciudades son un espacio para vivir y no para especular. Es miembro del Instituto de Investigaci\u00f3n Urbana de Barcelona y del Sindicat de Llogateres. Acaba de publicar el libro \u00ab<a href=\"https:\/\/www.casadellibro.com\/libro-el-secuestro-de-la-vivienda\/978411003582\/16697071\">El secuestro de la vivienda<\/a>\u00ab.<\/p>\n\n\n\n<p>En enero de 2025, LAB anunci\u00f3 que se ha empezado a organizar tambi\u00e9n en el \u00e1mbito de la <a href=\"http:\/\/LAB comienza a organizarse tambi\u00e9n en el \u00e1mbito de la vivienda\">vivienda<\/a>. Desde entonces ha activado decenas de conflictos sindicales en defensa de la funci\u00f3n social de la vivienda y contra el negocio. Con las charlas que ha organizado, el sindicato ha querido traer a Euskal Herria una de las voces m\u00e1s expertas y experimentadas de la actualidad sobre la problem\u00e1tica de la vivienda.<\/p>\n\n\n\n<p>Palomera ofrecer\u00e1 dos charlas en Euskal Herria. La primera ser\u00e1 el 16 de junio en Bilbo, a las 18:30, en el centro c\u00edvico La Bolsa (Pelota, 10) y la segunda el d\u00eda 17 en Donostia, a la misma hora, en la Kripta de la Parte Vieja (San Jer\u00f3nimo, 18).<\/p>\n","protected":false},"excerpt":{"rendered":"<p>La vivienda se ha convertido en un problema de primer orden para trabajadores, trabajadoras y amplios sectores de poblaci\u00f3n. A pesar de que, en la CAPV, la Ley de 2015 la reconoce como un derecho subjetivo, la constante subida de precios, el escaso parque p\u00fablico y las pol\u00edticas dirigidas en una direcci\u00f3n err\u00f3nea durante d\u00e9cadas han hecho cada vez m\u00e1s dif\u00edcil el acceso a la vivienda.<\/p>\n","protected":false},"author":1191,"featured_media":81336,"comment_status":"closed","ping_status":"closed","sticky":false,"template":"","format":"standard","meta":{"_monsterinsights_skip_tracking":false,"_monsterinsights_sitenote_active":false,"_monsterinsights_sitenote_note":"","_monsterinsights_sitenote_category":0,"footnotes":"","_links_to":"","_links_to_target":""},"categories":[2994],"tags":[3182,3178,5277,5276,3491],"class_list":{"0":"post-81338","1":"post","2":"type-post","3":"status-publish","4":"format-standard","5":"has-post-thumbnail","7":"category-accion-social","8":"tag-accion-social-es","9":"tag-destacado-1","10":"tag-el-secuestro-de-la-vivienda","11":"tag-jaime-palomera","12":"tag-vivienda"},"_links":{"self":[{"href":"https:\/\/www.lab.eus\/es\/wp-json\/wp\/v2\/posts\/81338","targetHints":{"allow":["GET"]}}],"collection":[{"href":"https:\/\/www.lab.eus\/es\/wp-json\/wp\/v2\/posts"}],"about":[{"href":"https:\/\/www.lab.eus\/es\/wp-json\/wp\/v2\/types\/post"}],"author":[{"embeddable":true,"href":"https:\/\/www.lab.eus\/es\/wp-json\/wp\/v2\/users\/1191"}],"replies":[{"embeddable":true,"href":"https:\/\/www.lab.eus\/es\/wp-json\/wp\/v2\/comments?post=81338"}],"version-history":[{"count":1,"href":"https:\/\/www.lab.eus\/es\/wp-json\/wp\/v2\/posts\/81338\/revisions"}],"predecessor-version":[{"id":81339,"href":"https:\/\/www.lab.eus\/es\/wp-json\/wp\/v2\/posts\/81338\/revisions\/81339"}],"wp:featuredmedia":[{"embeddable":true,"href":"https:\/\/www.lab.eus\/es\/wp-json\/wp\/v2\/media\/81336"}],"wp:attachment":[{"href":"https:\/\/www.lab.eus\/es\/wp-json\/wp\/v2\/media?parent=81338"}],"wp:term":[{"taxonomy":"category","embeddable":true,"href":"https:\/\/www.lab.eus\/es\/wp-json\/wp\/v2\/categories?post=81338"},{"taxonomy":"post_tag","embeddable":true,"href":"https:\/\/www.lab.eus\/es\/wp-json\/wp\/v2\/tags?post=81338"}],"curies":[{"name":"wp","href":"https:\/\/api.w.org\/{rel}","templated":true}]}}