{"id":81294,"date":"2025-06-05T16:14:54","date_gmt":"2025-06-05T16:14:54","guid":{"rendered":"https:\/\/www.lab.eus\/?p=81294"},"modified":"2025-06-05T16:14:57","modified_gmt":"2025-06-05T16:14:57","slug":"concentracion-en-irunea-de-la-plantilla-de-la-empresa-publica-intia-para-denunciar-la-situacion-de-discriminacion-de-las-y-los-trabajadores-subrogados-por-la-empresa","status":"publish","type":"post","link":"https:\/\/www.lab.eus\/es\/concentracion-en-irunea-de-la-plantilla-de-la-empresa-publica-intia-para-denunciar-la-situacion-de-discriminacion-de-las-y-los-trabajadores-subrogados-por-la-empresa\/","title":{"rendered":"Concentraci\u00f3n en Iru\u00f1ea de la plantilla de la empresa p\u00fablica INTIA, para denunciar la situaci\u00f3n de discriminaci\u00f3n de las y los trabajadores subrogados por la empresa"},"content":{"rendered":"\n<p>El comit\u00e9 de INTIA ha denunciado p\u00fablicamente la situaci\u00f3n de discriminaci\u00f3n salarial y laboral que sufren las trabajadoras y trabajadores subrogados por esta empresa respecto al resto de la plantilla. As\u00ed, se ha movilizado hoy en Iru\u00f1ea, ante la sede del Departamento de Desarrollo Rural.<\/p>\n\n\n\n<p>Estas personas vienen prestando servicio de Asistencia T\u00e9cnica en el Departamento de Desarrollo Rural y Medio Ambiente desde hace a\u00f1os y fueron subrogadas desde Tracasa Instrumental el 1 de enero de 2025 . Sin embargo, desde su subrogaci\u00f3n, no han sido integradas en la estructura salarial de INTIA, manteni\u00e9ndose con condiciones claramente inferiores a las del resto de la plantilla, gener\u00e1ndose as\u00ed una clara situaci\u00f3n de trato desigual y discriminaci\u00f3n laboral.<\/p>\n\n\n\n<p>Pese a haber preguntado en numerosas ocasiones por la situaci\u00f3n de este colectivo, seguimos sin una respuesta clara. La empresa no ha ofrecido ninguna explicaci\u00f3n concreta, solo da largas y evasivas, sin aclarar la situaci\u00f3n ni mostrar voluntad real de resolverla.<\/p>\n\n\n\n<p>Esta situaci\u00f3n implica que, a pesar de desempe\u00f1ar puestos clasificados en mismas categor\u00edas profesionales y\/o funciones, las personas subrogadas perciben menores retribuciones. Como consecuencia, se crea una brecha salarial dentro de la misma empresa p\u00fablica, creando de facto trabajadoras y trabajadores de primera y de segunda. Esto no solo es discutible desde un punto de vista legal, sino tambi\u00e9n profundamente inmoral desde una perspectiva \u00e9tica y social. Es especialmente grave que esto ocurra en una entidad como INTIA, bajo el paraguas del sector p\u00fablico y con el respaldo \u2014directo o por omisi\u00f3n\u2014 de la CPEN y del propio Gobierno de Navarra.<\/p>\n\n\n\n<p>El comit\u00e9 denuncia con firmeza esta discriminaci\u00f3n y exige:<\/p>\n\n\n\n<p>&#8211; La integraci\u00f3n inmediata de las personas subrogadas en la estructura salarial de INTIA, con reconocimiento \u00edntegro de su antig\u00fcedad, sin distinciones arbitrarias ni discriminaciones por el origen contractual de las personas trabajadoras.<\/p>\n\n\n\n<p>&#8211; El compromiso real del Gobierno de Nafarroa de no permitir desigualdades dentro de sus empresas p\u00fablicas.<\/p>\n\n\n\n<p>Adem\u00e1s, de no corregirse esta situaci\u00f3n de forma urgente, seguir\u00e1n concentr\u00e1ndose cada jueves a las 11:00 para defender los derechos de las personas afectadas y garantizar el cumplimiento del principio de igualdad.<\/p>\n","protected":false},"excerpt":{"rendered":"<p>El comit\u00e9 de INTIA ha denunciado p\u00fablicamente la situaci\u00f3n de discriminaci\u00f3n salarial y laboral que sufren las trabajadoras y trabajadores subrogados por esta empresa respecto al resto de la plantilla. As\u00ed, se ha movilizado hoy en Iru\u00f1ea, ante la sede del Departamento de Desarrollo Rural.<\/p>\n","protected":false},"author":1191,"featured_media":81292,"comment_status":"closed","ping_status":"closed","sticky":false,"template":"","format":"standard","meta":{"_monsterinsights_skip_tracking":false,"_monsterinsights_sitenote_active":false,"_monsterinsights_sitenote_note":"","_monsterinsights_sitenote_category":0,"footnotes":"","_links_to":"","_links_to_target":""},"categories":[18],"tags":[3033,3178,5272],"class_list":{"0":"post-81294","1":"post","2":"type-post","3":"status-publish","4":"format-standard","5":"has-post-thumbnail","7":"category-es-accion-sindical","8":"tag-accion-sindical-es","9":"tag-destacado-1","10":"tag-intia"},"_links":{"self":[{"href":"https:\/\/www.lab.eus\/es\/wp-json\/wp\/v2\/posts\/81294","targetHints":{"allow":["GET"]}}],"collection":[{"href":"https:\/\/www.lab.eus\/es\/wp-json\/wp\/v2\/posts"}],"about":[{"href":"https:\/\/www.lab.eus\/es\/wp-json\/wp\/v2\/types\/post"}],"author":[{"embeddable":true,"href":"https:\/\/www.lab.eus\/es\/wp-json\/wp\/v2\/users\/1191"}],"replies":[{"embeddable":true,"href":"https:\/\/www.lab.eus\/es\/wp-json\/wp\/v2\/comments?post=81294"}],"version-history":[{"count":1,"href":"https:\/\/www.lab.eus\/es\/wp-json\/wp\/v2\/posts\/81294\/revisions"}],"predecessor-version":[{"id":81295,"href":"https:\/\/www.lab.eus\/es\/wp-json\/wp\/v2\/posts\/81294\/revisions\/81295"}],"wp:featuredmedia":[{"embeddable":true,"href":"https:\/\/www.lab.eus\/es\/wp-json\/wp\/v2\/media\/81292"}],"wp:attachment":[{"href":"https:\/\/www.lab.eus\/es\/wp-json\/wp\/v2\/media?parent=81294"}],"wp:term":[{"taxonomy":"category","embeddable":true,"href":"https:\/\/www.lab.eus\/es\/wp-json\/wp\/v2\/categories?post=81294"},{"taxonomy":"post_tag","embeddable":true,"href":"https:\/\/www.lab.eus\/es\/wp-json\/wp\/v2\/tags?post=81294"}],"curies":[{"name":"wp","href":"https:\/\/api.w.org\/{rel}","templated":true}]}}