{"id":81283,"date":"2025-06-05T15:43:45","date_gmt":"2025-06-05T15:43:45","guid":{"rendered":"https:\/\/www.lab.eus\/?p=81283"},"modified":"2025-06-05T15:44:04","modified_gmt":"2025-06-05T15:44:04","slug":"el-sindicato-lab-valora-positivamente-las-mociones-aprobadas-hoy-en-los-parlamentos-de-gasteiz-e-irunea-condenando-el-genocidio-en-palestina","status":"publish","type":"post","link":"https:\/\/www.lab.eus\/es\/el-sindicato-lab-valora-positivamente-las-mociones-aprobadas-hoy-en-los-parlamentos-de-gasteiz-e-irunea-condenando-el-genocidio-en-palestina\/","title":{"rendered":"El sindicato LAB valora positivamente las mociones aprobadas hoy en los parlamentos de Gasteiz e Iru\u00f1ea condenando el genocidio en Palestina"},"content":{"rendered":"\n<p>Hoy, en los parlamentos de Gasteiz y de Iru\u00f1ea, se han votado sendas resoluciones sobre el genocidio en marcha en Palestina, las graves vulneraciones de los derechos humanos, y la necesidad de acabar con la impunidad de quienes vulneran esos derechos o son c\u00f3mplices de dichas vulneraciones.<\/p>\n\n\n\n<p>En la moci\u00f3n del parlamento de la Comunidad Aut\u00f3noma Vasca se pide expl\u00edcitamente la suspensi\u00f3n del Acuerdo de Asociaci\u00f3n Uni\u00f3n Europea-Israel, una reivindicaci\u00f3n hecha p\u00fablica por el sindicato LAB desde hace meses, y por lo tanto la noticia nos parece muy positiva. En el caso de las mociones aprobadas por el Parlamento de Nafarroa, en una de ellas se pide un alto al fuego, se condena el genocidio, la ocupaci\u00f3n y la colonizaci\u00f3n del territorio palestino y en la segunda, entre otras cosas, \u201c<em>se insta al Gobierno de Navarra y al Gobierno del Estado a impulsar las iniciativas necesarias para garantizar que, por medio del requerimiento de declaraciones responsables, de verificaciones<\/em> <em>mediante fuentes rigurosas y confiables y\/o a trav\u00e9s de cualquier otra herramienta que considere oportuna, y tanto en los encargos de obras y servicios, como en las compras p\u00fablica y en los procedimientos de subvenciones, se excluya a todas aquellas personas jur\u00eddicas que participen, directa o indirectamente, en actividades econ\u00f3micas, comerciales, log\u00edsticas o tecnol\u00f3gicas que contribuyan al mantenimiento, ejecuci\u00f3n o<\/em> <em>facilitaci\u00f3n de actos constitutivos de genocidio, cr\u00edmenes de guerra, cr\u00edmenes de lesa humanidad o apartheid, conforme al Derecho Internacional.\u201d<\/em><\/p>\n\n\n\n<p>Desde el sindicato LAB valoramos positivamente las mociones aprobadas en los parlamentos auton\u00f3micos de Hego Euskal Herria. Desde hace tiempo LAB ha venido reclamando la necesidad de articular una respuesta amplia, contundente y transversal ante el genocidio sionista contra el pueblo palestino y creemos que las mociones aprobadas hoy van en la direcci\u00f3n correcta.<\/p>\n\n\n\n<p>Sin embargo, desde el sindicato LAB creemos que es necesario, como medida necesaria para detener la ocupaci\u00f3n, el apartheid y el genocidio en Palestina, dar pasos m\u00e1s valientes y romper relaciones con el sionismo.<\/p>\n\n\n\n<p>Cuando familias enteras son exterminadas, cuando hospitales y universidades son destruidos sistem\u00e1ticamente, cuando ni\u00f1as y ni\u00f1os son enterrados bajo los escombros, cuando millones de personas son bombardeadas, son asesinadas de hambre y son forzosamente desplazadas, no se trata de una cuesti\u00f3n sem\u00e1ntica, se trata de genocidio. La obsesi\u00f3n con la terminolog\u00eda legal es una cortina de humo, un argumento aparentemente f\u00e1ctico cuyo prop\u00f3sito es justificar la matanza en lugar de detenerla.<\/p>\n\n\n\n<p>Porque no se trata tan s\u00f3lo de palabras o mociones. Cuando se utiliza el hambre como arma de guerra, se cometen masacres de civiles, con miles de ni\u00f1os y ni\u00f1as muertos, lisiados, privados de la atenci\u00f3n sanitaria esencial, los hechos y las declaraciones tienen que exigir la tipificaci\u00f3n de genocidio por parte del sistema de justicia internacional. Ante un genocidio no se negocia, se detiene el mismo, y posteriormente, se abrir\u00e1n las puertas a la b\u00fasqueda de una salida diplom\u00e1tica integral y sostenida en el tiempo.<\/p>\n\n\n\n<p>El sindicato LAB cree que todos los pasos que se dan en esta direcci\u00f3n pueden terminar definiendo una pol\u00edtica internacional que pase de las palabras a los hechos y que se implique en el reconocimiento m\u00e1s que justo y necesario de los derechos humanos de una poblaci\u00f3n palestina, que lleva a\u00f1os soportando la omisi\u00f3n de las instituciones competentes.<\/p>\n\n\n\n<p>Ahora es m\u00e1s necesario que nunca poner fin a la impunidad del gobierno israeli, dando pasos m\u00e1s audaces y rompiendo las relaciones con las estructuras sionistas, empezando, en el caso de los sindicatos, por aislar de todo \u00e1mbito sindical internacional al sindicato del r\u00e9gimen sionista Histradut.<\/p>\n","protected":false},"excerpt":{"rendered":"<p>Hoy, en los parlamentos de Gasteiz y de Iru\u00f1ea, se han votado sendas resoluciones sobre el genocidio en marcha en Palestina, las graves vulneraciones de los derechos humanos, y la necesidad de acabar con la impunidad de quienes vulneran esos derechos o son c\u00f3mplices de dichas vulneraciones.<\/p>\n","protected":false},"author":1191,"featured_media":81285,"comment_status":"closed","ping_status":"closed","sticky":false,"template":"","format":"standard","meta":{"_monsterinsights_skip_tracking":false,"_monsterinsights_sitenote_active":false,"_monsterinsights_sitenote_note":"","_monsterinsights_sitenote_category":0,"footnotes":"","_links_to":"","_links_to_target":""},"categories":[4,2973],"tags":[3178,3019,3193,3024],"class_list":{"0":"post-81283","1":"post","2":"type-post","3":"status-publish","4":"format-standard","5":"has-post-thumbnail","7":"category-es-internacional","8":"category-secretarias","9":"tag-destacado-1","10":"tag-internacional","11":"tag-palestina-es","12":"tag-secretarias"},"_links":{"self":[{"href":"https:\/\/www.lab.eus\/es\/wp-json\/wp\/v2\/posts\/81283","targetHints":{"allow":["GET"]}}],"collection":[{"href":"https:\/\/www.lab.eus\/es\/wp-json\/wp\/v2\/posts"}],"about":[{"href":"https:\/\/www.lab.eus\/es\/wp-json\/wp\/v2\/types\/post"}],"author":[{"embeddable":true,"href":"https:\/\/www.lab.eus\/es\/wp-json\/wp\/v2\/users\/1191"}],"replies":[{"embeddable":true,"href":"https:\/\/www.lab.eus\/es\/wp-json\/wp\/v2\/comments?post=81283"}],"version-history":[{"count":2,"href":"https:\/\/www.lab.eus\/es\/wp-json\/wp\/v2\/posts\/81283\/revisions"}],"predecessor-version":[{"id":81287,"href":"https:\/\/www.lab.eus\/es\/wp-json\/wp\/v2\/posts\/81283\/revisions\/81287"}],"wp:featuredmedia":[{"embeddable":true,"href":"https:\/\/www.lab.eus\/es\/wp-json\/wp\/v2\/media\/81285"}],"wp:attachment":[{"href":"https:\/\/www.lab.eus\/es\/wp-json\/wp\/v2\/media?parent=81283"}],"wp:term":[{"taxonomy":"category","embeddable":true,"href":"https:\/\/www.lab.eus\/es\/wp-json\/wp\/v2\/categories?post=81283"},{"taxonomy":"post_tag","embeddable":true,"href":"https:\/\/www.lab.eus\/es\/wp-json\/wp\/v2\/tags?post=81283"}],"curies":[{"name":"wp","href":"https:\/\/api.w.org\/{rel}","templated":true}]}}