{"id":81273,"date":"2025-06-05T14:18:59","date_gmt":"2025-06-05T14:18:59","guid":{"rendered":"https:\/\/www.lab.eus\/?p=81273"},"modified":"2025-06-05T14:19:02","modified_gmt":"2025-06-05T14:19:02","slug":"lab-denuncia-el-grave-accidente-laboral-ocurrido-en-la-empresa-kw-damping-technology-de-abadino","status":"publish","type":"post","link":"https:\/\/www.lab.eus\/es\/lab-denuncia-el-grave-accidente-laboral-ocurrido-en-la-empresa-kw-damping-technology-de-abadino\/","title":{"rendered":"LAB denuncia el grave accidente laboral ocurrido en la empresa KW Damping Technology de Abadi\u00f1o"},"content":{"rendered":"\n<p>El sindicato denuncia el accidente grave ocurrido el pasado lunes d\u00eda 2 de junio en la empresa KW Damping Technology, la falta de medidas de seguridad de la m\u00e1quina que provoc\u00f3 el accidente y la inadecuada atenci\u00f3n m\u00e9dica por parte de la mutua Fremap y de Osakidetza.<\/p>\n\n\n\n<p>Una trabajadora sufri\u00f3 un accidente cuando una m\u00e1quina atrap\u00f3 su mano. Permaneci\u00f3 con la mano atrapada 45 minutos., y cuando la mano fue liberada proceden al traslado de la trabajadora al Hospital de Cruces, donde deciden que debe ser intervenida quir\u00fargicamente, y que dicha operaci\u00f3n debe ser<\/p>\n\n\n\n<p>realizada por la mutua Fremap en el Hospital Intermutual de Bilbo.<\/p>\n\n\n\n<p>La trabajadora esper\u00f3 m\u00e1s de 50 minutos en el Hospital de Cruces a que una ambulancia la trasladara al Hospital Intermutual de Bilbo, y finalmente, tras la espera, tom\u00f3 la decisi\u00f3n de coger un taxi con la v\u00eda puesta y con el dedo me\u00f1ique gravemente da\u00f1ado para ser intervenida lo antes posible.<\/p>\n\n\n\n<p>Desgraciadamente, lo sufrido por esta trabajadora, no es un caso aislado. LAB considera vergonzosa e inaceptable la actitud de la mutua e incluso de Osakidetza, que dejaron a la trabajadora sin asistencia sanitaria en el estado que se encontraba.<\/p>\n\n\n\n<p>LAB se\u00f1ala que es necesario dar una respuesta no s\u00f3lo a esta situaci\u00f3n, sino tambi\u00e9n a otras situaciones que las personas trabajadoras sufren por la ambici\u00f3n y falta de escr\u00fapulos de las mutuas, que solo piensan en enriquecerse a costa de nuestra salud.<\/p>\n\n\n\n<p>Por otra parte, el sindicato recuerda que la pasada semana murieron 6 trabajadores en Euskal Herria. \u201cNos hablan de absentismo, pero nos est\u00e1n matando\u201d, se\u00f1ala, y a\u00f1ade que \u201cla patronal es la principal causante del absentismo\u201d.<\/p>\n\n\n\n<p>Ante estos hechos, el comit\u00e9 de empresa de KW Damping Technology se ha manifestado hoy desde la empresa hasta la oficina de Fremap en Abadi\u00f1o, para denunciar lo sucedido y mostrar su apoyo a la compa\u00f1era que sufri\u00f3 el accidente y desearle una pronta recuperaci\u00f3n.<\/p>\n","protected":false},"excerpt":{"rendered":"<p>El sindicato denuncia el accidente grave ocurrido el pasado lunes d\u00eda 2 de junio en la empresa KW Damping Technology, la falta de medidas de seguridad de la m\u00e1quina que provoc\u00f3 el accidente y la inadecuada atenci\u00f3n m\u00e9dica por parte de la mutua Fremap y de Osakidetza.<\/p>\n","protected":false},"author":1191,"featured_media":81271,"comment_status":"closed","ping_status":"closed","sticky":false,"template":"","format":"standard","meta":{"_monsterinsights_skip_tracking":false,"_monsterinsights_sitenote_active":false,"_monsterinsights_sitenote_note":"","_monsterinsights_sitenote_category":0,"footnotes":"","_links_to":"","_links_to_target":""},"categories":[18,2867,2868],"tags":[3033,3178,3066,2996,5271],"class_list":{"0":"post-81273","1":"post","2":"type-post","3":"status-publish","4":"format-standard","5":"has-post-thumbnail","7":"category-es-accion-sindical","8":"category-federaciones","9":"category-industria-es","10":"tag-accion-sindical-es","11":"tag-destacado-1","12":"tag-federaciones-es","13":"tag-industria-es","14":"tag-kw-dumping-technology"},"_links":{"self":[{"href":"https:\/\/www.lab.eus\/es\/wp-json\/wp\/v2\/posts\/81273","targetHints":{"allow":["GET"]}}],"collection":[{"href":"https:\/\/www.lab.eus\/es\/wp-json\/wp\/v2\/posts"}],"about":[{"href":"https:\/\/www.lab.eus\/es\/wp-json\/wp\/v2\/types\/post"}],"author":[{"embeddable":true,"href":"https:\/\/www.lab.eus\/es\/wp-json\/wp\/v2\/users\/1191"}],"replies":[{"embeddable":true,"href":"https:\/\/www.lab.eus\/es\/wp-json\/wp\/v2\/comments?post=81273"}],"version-history":[{"count":1,"href":"https:\/\/www.lab.eus\/es\/wp-json\/wp\/v2\/posts\/81273\/revisions"}],"predecessor-version":[{"id":81274,"href":"https:\/\/www.lab.eus\/es\/wp-json\/wp\/v2\/posts\/81273\/revisions\/81274"}],"wp:featuredmedia":[{"embeddable":true,"href":"https:\/\/www.lab.eus\/es\/wp-json\/wp\/v2\/media\/81271"}],"wp:attachment":[{"href":"https:\/\/www.lab.eus\/es\/wp-json\/wp\/v2\/media?parent=81273"}],"wp:term":[{"taxonomy":"category","embeddable":true,"href":"https:\/\/www.lab.eus\/es\/wp-json\/wp\/v2\/categories?post=81273"},{"taxonomy":"post_tag","embeddable":true,"href":"https:\/\/www.lab.eus\/es\/wp-json\/wp\/v2\/tags?post=81273"}],"curies":[{"name":"wp","href":"https:\/\/api.w.org\/{rel}","templated":true}]}}