{"id":81267,"date":"2025-06-05T11:51:45","date_gmt":"2025-06-05T11:51:45","guid":{"rendered":"https:\/\/www.lab.eus\/?p=81267"},"modified":"2025-06-05T11:51:48","modified_gmt":"2025-06-05T11:51:48","slug":"lab-llama-a-participar-en-la-movilizacion-nacional-de-gure-esku","status":"publish","type":"post","link":"https:\/\/www.lab.eus\/es\/lab-llama-a-participar-en-la-movilizacion-nacional-de-gure-esku\/","title":{"rendered":"LAB llama a participar en la movilizaci\u00f3n nacional de Gure Esku"},"content":{"rendered":"\n<p>LAB est\u00e1 comprometida con crear oportunidades para un marco con mayor nivel de soberan\u00eda y aprovechar para avanzar en temas de inter\u00e9s para la clase trabajadora. Por ello, se suma a la convocatoria del 7 de junio y hace un llamamiento a participar.<\/p>\n\n\n\n<p>Gure Esku ha convocado una movilizaci\u00f3n nacional para el s\u00e1bado en Bilbo, bajo el lema <em>Herri libre bat. Euskal Herriak erabaki<\/em>. LAB acudir\u00e1 a la cita para reivindicar el reconocimiento de Euskal Herria y su soberan\u00eda, y contar\u00e1 con una amplia representaci\u00f3n en la movilizaci\u00f3n, encabezada por Igor Arroyo, coordinador general. Asimismo, LAB hace un llamamiento a las y los trabajadores a que tambi\u00e9n se sumen a la movilizaci\u00f3n.<\/p>\n\n\n\n<p>Es necesario el reconocimiento nacional y el derecho a decidir, para que Euskal Herria pueda vivir, para que las y los vascos seamos libres. Y necesitamos el reconocimiento nacional y el derecho a decidir para que tengamos los medios para dignificar las condiciones de trabajo y de vida de las y los trabajadores vascos; para que pongamos en marcha la transici\u00f3n feminista y ecosocialista hacia un nuevo modelo socioecon\u00f3mico.<\/p>\n\n\n\n<p>Precisamente, tenemos la oportunidad de dar nuevos pasos en el reconocimiento nacional de Euskal Herria y en su capacidad de decisi\u00f3n. En Ipar Euskal Herria est\u00e1 cogiendo fuerza la posici\u00f3n a favor de una estructura administrativa con mayores competencias que la Mancomunidad Vasca (Euskal Hirigune Elkargoa), y, desde el punto de vista sindical, hemos puesto sobre la mesa una propuesta concreta para configurar un marco propio de negociaci\u00f3n colectiva.<\/p>\n\n\n\n<p>En Hego Euskal Herria, en cambio, se est\u00e1n creando nuevas condiciones para superar los actuales marcos jur\u00eddico-pol\u00edticos. Se cumplen diez a\u00f1os del cambio institucional en Nafarroa; superado el apartheid contra el nacionalismo, es el momento de dar nuevos pasos hacia la soberan\u00eda y la transformaci\u00f3n social. En la CAV, el debate sobre el estatus jur\u00eddico pol\u00edtico est\u00e1 abierto, y LAB cree que es el momento de desarrollar ese debate de una vez por todas.<\/p>\n\n\n\n<p>En este contexto, el sindicalismo independentista debe contribuir a crear las condiciones para un marco de mayor nivel de soberan\u00eda y aprovechar las oportunidades para lograr avances en los temas que conciernen a la clase trabajadora: pensiones, salario m\u00ednimo, jornada laboral, seguridad social propia, servicios p\u00fablicos de calidad, vivienda, cuidados, poder trabajar y vivir en euskera&#8230; Tambi\u00e9n para hacer pedagog\u00eda entre las y los trabajadores, pedagog\u00eda soberanista, sobre los beneficios que tiene aumentar la capacidad de decisi\u00f3n sobre nuestras condiciones de vida.<\/p>\n\n\n\n<p>Somos un pueblo. Queremos ser un pueblo libre. Aprovechemos la ocasi\u00f3n para dar pasos hacia la soberan\u00eda. Llenemos el s\u00e1bado las calles de Bilbo.<\/p>\n","protected":false},"excerpt":{"rendered":"<p>LAB est\u00e1 comprometida con crear oportunidades para un marco con mayor nivel de soberan\u00eda y aprovechar para avanzar en temas de inter\u00e9s para la clase trabajadora. Por ello, se suma a la convocatoria del 7 de junio y hace un llamamiento a participar.<\/p>\n","protected":false},"author":1191,"featured_media":81264,"comment_status":"closed","ping_status":"closed","sticky":false,"template":"","format":"standard","meta":{"_monsterinsights_skip_tracking":false,"_monsterinsights_sitenote_active":false,"_monsterinsights_sitenote_note":"","_monsterinsights_sitenote_category":0,"footnotes":"","_links_to":"","_links_to_target":""},"categories":[3402,3301],"tags":[5269,3178,3231,5267,3241],"class_list":{"0":"post-81267","1":"post","2":"type-post","3":"status-publish","4":"format-standard","5":"has-post-thumbnail","7":"category-accion-politica","8":"category-euskal-herria-es-2","9":"tag-derecho-a-decidir","10":"tag-destacado-1","11":"tag-euskal-herria-es","12":"tag-gure-esku","13":"tag-soberania"},"_links":{"self":[{"href":"https:\/\/www.lab.eus\/es\/wp-json\/wp\/v2\/posts\/81267","targetHints":{"allow":["GET"]}}],"collection":[{"href":"https:\/\/www.lab.eus\/es\/wp-json\/wp\/v2\/posts"}],"about":[{"href":"https:\/\/www.lab.eus\/es\/wp-json\/wp\/v2\/types\/post"}],"author":[{"embeddable":true,"href":"https:\/\/www.lab.eus\/es\/wp-json\/wp\/v2\/users\/1191"}],"replies":[{"embeddable":true,"href":"https:\/\/www.lab.eus\/es\/wp-json\/wp\/v2\/comments?post=81267"}],"version-history":[{"count":1,"href":"https:\/\/www.lab.eus\/es\/wp-json\/wp\/v2\/posts\/81267\/revisions"}],"predecessor-version":[{"id":81268,"href":"https:\/\/www.lab.eus\/es\/wp-json\/wp\/v2\/posts\/81267\/revisions\/81268"}],"wp:featuredmedia":[{"embeddable":true,"href":"https:\/\/www.lab.eus\/es\/wp-json\/wp\/v2\/media\/81264"}],"wp:attachment":[{"href":"https:\/\/www.lab.eus\/es\/wp-json\/wp\/v2\/media?parent=81267"}],"wp:term":[{"taxonomy":"category","embeddable":true,"href":"https:\/\/www.lab.eus\/es\/wp-json\/wp\/v2\/categories?post=81267"},{"taxonomy":"post_tag","embeddable":true,"href":"https:\/\/www.lab.eus\/es\/wp-json\/wp\/v2\/tags?post=81267"}],"curies":[{"name":"wp","href":"https:\/\/api.w.org\/{rel}","templated":true}]}}