{"id":81260,"date":"2025-06-05T10:38:08","date_gmt":"2025-06-05T10:38:08","guid":{"rendered":"https:\/\/www.lab.eus\/?p=81260"},"modified":"2025-06-05T12:59:18","modified_gmt":"2025-06-05T12:59:18","slug":"donde-estaban-el-gobierno-vasco-y-el-de-nafarroa-mientras-morian-26-trabajadores-y-trabajadoras","status":"publish","type":"post","link":"https:\/\/www.lab.eus\/es\/donde-estaban-el-gobierno-vasco-y-el-de-nafarroa-mientras-morian-26-trabajadores-y-trabajadoras\/","title":{"rendered":"\u00bfD\u00f3nde estaban el Gobierno Vasco y el de Nafarroa mientras mor\u00edan 26 trabajadores y trabajadoras?"},"content":{"rendered":"\n<p>LAB ha bloqueado la entrada de la sede Gobierno Vasco en la Gran V\u00eda de Bilbo para denunciar la responsabilidad de los gobiernos de la CAV y Nafarroa en las muertes laborales. De hecho, la semana pasada hubo 6 muertes en Euskal Herria en 5 d\u00edas, y ya son 26 las y los fallecidos en lo que va de a\u00f1o. En 2024, 64 trabajadores y trabajadoras murieron en 102.000 accidentes en Euskal Herria.<\/p>\n\n\n\n<p>26 militantes del sindicato, ataviadas y ataviados con buzos rojos, han representado a las y los 26 trabajadores muertos en Euskal Herria desde principios de a\u00f1o, mientras otros miembros desplegaban una pancarta en la que se le\u00eda \u201cEusko Jaurlaritza eta Nafarroako Gobernua, non zeundeten langile hauek hiltzen ari ziren bitartean?\u201d (\u00abGobierno Vasco y Gobierno de Nafarroa, \u00bfd\u00f3nde estabais mientras mor\u00edan estas y estos trabajadores?\u00bb).<\/p>\n\n\n\n<p>\u00abEstos accidentes laborales se pod\u00edan haber evitado con medidas preventivas b\u00e1sicas, pero la patronal tiene total impunidad para incumplir la normativa\u00bb, ha se\u00f1alado LAB, \u00aby corresponde a los gobiernos vasco y navarro obligar a la patronal a cumplir la normativa de prevenci\u00f3n\u00bb.<\/p>\n\n\n\n<p>En este sentido, LAB ha hecho un llamamiento al lehendakari del Gobierno Vasco Imanol Pradales y a la presidenta del Gobierno de Nafarroa, Mar\u00eda Chivite, a que convoquen Consejos de Gobierno de urgencia para que exijan responsabilidad a las patronales Confebask y CEN y adopten medidas urgentes. \u00ab\u00bfCu\u00e1ntas muertes de trabajadores y trabajadoras m\u00e1s necesit\u00e1is para esto?\u00bb, les ha interpelado LAB.<\/p>\n\n\n\n<p>\u00abLas muertes laborales tienen responsable\u00bb, ha a\u00f1adido LAB. \u00abLa patronal, mientras est\u00e1 difundiendo un vergonzante discurso sobre el absentismo, est\u00e1 matando a trabajadores y trabajadoras porque incumple la normativa sobre seguridad y salud con el objetivo de abaratar los costes laborales\u00bb.<\/p>\n\n\n\n<figure class=\"wp-block-gallery has-nested-images columns-default is-cropped wp-block-gallery-1 is-layout-flex wp-block-gallery-is-layout-flex\">\n<figure class=\"wp-block-image size-large\"><img loading=\"lazy\" decoding=\"async\" width=\"1024\" height=\"620\" data-id=\"81256\" src=\"https:\/\/www.lab.eus\/wp-content\/uploads\/2025\/06\/11-1024x620.png\" alt=\"\" class=\"wp-image-81256\" srcset=\"https:\/\/www.lab.eus\/wp-content\/uploads\/2025\/06\/11-1024x620.png 1024w, https:\/\/www.lab.eus\/wp-content\/uploads\/2025\/06\/11-300x182.png 300w, https:\/\/www.lab.eus\/wp-content\/uploads\/2025\/06\/11-768x465.png 768w, https:\/\/www.lab.eus\/wp-content\/uploads\/2025\/06\/11-694x420.png 694w, https:\/\/www.lab.eus\/wp-content\/uploads\/2025\/06\/11-150x91.png 150w, https:\/\/www.lab.eus\/wp-content\/uploads\/2025\/06\/11-696x421.png 696w, https:\/\/www.lab.eus\/wp-content\/uploads\/2025\/06\/11-1068x646.png 1068w, https:\/\/www.lab.eus\/wp-content\/uploads\/2025\/06\/11.png 1345w\" sizes=\"auto, (max-width: 1024px) 100vw, 1024px\" \/><\/figure>\n\n\n\n<figure class=\"wp-block-image size-large\"><img loading=\"lazy\" decoding=\"async\" width=\"1024\" height=\"633\" data-id=\"81254\" src=\"https:\/\/www.lab.eus\/wp-content\/uploads\/2025\/06\/12-1024x633.png\" alt=\"\" class=\"wp-image-81254\" srcset=\"https:\/\/www.lab.eus\/wp-content\/uploads\/2025\/06\/12-1024x633.png 1024w, https:\/\/www.lab.eus\/wp-content\/uploads\/2025\/06\/12-300x185.png 300w, https:\/\/www.lab.eus\/wp-content\/uploads\/2025\/06\/12-768x475.png 768w, https:\/\/www.lab.eus\/wp-content\/uploads\/2025\/06\/12-680x420.png 680w, https:\/\/www.lab.eus\/wp-content\/uploads\/2025\/06\/12-150x93.png 150w, https:\/\/www.lab.eus\/wp-content\/uploads\/2025\/06\/12-696x430.png 696w, https:\/\/www.lab.eus\/wp-content\/uploads\/2025\/06\/12-1068x660.png 1068w, https:\/\/www.lab.eus\/wp-content\/uploads\/2025\/06\/12.png 1207w\" sizes=\"auto, (max-width: 1024px) 100vw, 1024px\" \/><\/figure>\n\n\n\n<figure class=\"wp-block-image size-large\"><img loading=\"lazy\" decoding=\"async\" width=\"1024\" height=\"683\" data-id=\"81252\" src=\"https:\/\/www.lab.eus\/wp-content\/uploads\/2025\/06\/13-1024x683.png\" alt=\"\" class=\"wp-image-81252\" srcset=\"https:\/\/www.lab.eus\/wp-content\/uploads\/2025\/06\/13-1024x683.png 1024w, https:\/\/www.lab.eus\/wp-content\/uploads\/2025\/06\/13-300x200.png 300w, https:\/\/www.lab.eus\/wp-content\/uploads\/2025\/06\/13-768x512.png 768w, https:\/\/www.lab.eus\/wp-content\/uploads\/2025\/06\/13-630x420.png 630w, https:\/\/www.lab.eus\/wp-content\/uploads\/2025\/06\/13-150x100.png 150w, https:\/\/www.lab.eus\/wp-content\/uploads\/2025\/06\/13-696x464.png 696w, https:\/\/www.lab.eus\/wp-content\/uploads\/2025\/06\/13-1068x712.png 1068w, https:\/\/www.lab.eus\/wp-content\/uploads\/2025\/06\/13.png 1333w\" sizes=\"auto, (max-width: 1024px) 100vw, 1024px\" \/><\/figure>\n<\/figure>\n","protected":false},"excerpt":{"rendered":"<p>LAB ha bloqueado la entrada de la sede Gobierno Vasco en la Gran V\u00eda de Bilbo para denunciar la responsabilidad de los gobiernos de la CAV y Nafarroa en las muertes laborales. De hecho, la semana pasada hubo 6 muertes en Euskal Herria en 5 d\u00edas, y ya son 26 las y los fallecidos en lo que va de a\u00f1o. En 2024, 64 trabajadores y trabajadoras murieron en 102.000 accidentes en Euskal Herria.<\/p>\n","protected":false},"author":1191,"featured_media":81258,"comment_status":"closed","ping_status":"closed","sticky":false,"template":"","format":"video","meta":{"_monsterinsights_skip_tracking":false,"_monsterinsights_sitenote_active":false,"_monsterinsights_sitenote_note":"","_monsterinsights_sitenote_category":0,"footnotes":"","_links_to":"","_links_to_target":""},"categories":[18,130,15,2973],"tags":[3033,3178,3005,3083],"class_list":{"0":"post-81260","1":"post","2":"type-post","3":"status-publish","4":"format-video","5":"has-post-thumbnail","7":"category-es-accion-sindical","8":"category-es-la-precariedad-mata-es-salud-laboral","9":"category-es-salud-laboral","10":"category-secretarias","11":"tag-accion-sindical-es","12":"tag-destacado-1","13":"tag-la-precariedad-mata","14":"tag-salud-laboral-es","15":"post_format-post-format-video"},"_links":{"self":[{"href":"https:\/\/www.lab.eus\/es\/wp-json\/wp\/v2\/posts\/81260","targetHints":{"allow":["GET"]}}],"collection":[{"href":"https:\/\/www.lab.eus\/es\/wp-json\/wp\/v2\/posts"}],"about":[{"href":"https:\/\/www.lab.eus\/es\/wp-json\/wp\/v2\/types\/post"}],"author":[{"embeddable":true,"href":"https:\/\/www.lab.eus\/es\/wp-json\/wp\/v2\/users\/1191"}],"replies":[{"embeddable":true,"href":"https:\/\/www.lab.eus\/es\/wp-json\/wp\/v2\/comments?post=81260"}],"version-history":[{"count":1,"href":"https:\/\/www.lab.eus\/es\/wp-json\/wp\/v2\/posts\/81260\/revisions"}],"predecessor-version":[{"id":81261,"href":"https:\/\/www.lab.eus\/es\/wp-json\/wp\/v2\/posts\/81260\/revisions\/81261"}],"wp:featuredmedia":[{"embeddable":true,"href":"https:\/\/www.lab.eus\/es\/wp-json\/wp\/v2\/media\/81258"}],"wp:attachment":[{"href":"https:\/\/www.lab.eus\/es\/wp-json\/wp\/v2\/media?parent=81260"}],"wp:term":[{"taxonomy":"category","embeddable":true,"href":"https:\/\/www.lab.eus\/es\/wp-json\/wp\/v2\/categories?post=81260"},{"taxonomy":"post_tag","embeddable":true,"href":"https:\/\/www.lab.eus\/es\/wp-json\/wp\/v2\/tags?post=81260"}],"curies":[{"name":"wp","href":"https:\/\/api.w.org\/{rel}","templated":true}]}}